{"id":852,"date":"2022-01-14T06:28:59","date_gmt":"2022-01-14T06:28:59","guid":{"rendered":"https:\/\/covid19-a-savoir.net\/?p=852"},"modified":"2022-01-14T06:29:00","modified_gmt":"2022-01-14T06:29:00","slug":"ce-pays-europeen-traite-maintenant-le-covid-comme-une-grippe","status":"publish","type":"post","link":"https:\/\/covid19-a-savoir.net\/index.php\/2022\/01\/14\/ce-pays-europeen-traite-maintenant-le-covid-comme-une-grippe\/","title":{"rendered":"Ce Pays Europ\u00e9en Traite Maintenant Le Covid Comme Une Grippe"},"content":{"rendered":"<div id=\"dslc-theme-content\"><div id=\"dslc-theme-content-inner\">\n<iframe width=\"460\" height=\"315\" src=\"https:\/\/www.youtube.com\/embed\/LlUAuT0-eFY\" title=\"YouTube video player\" frameborder=\"0\" allow=\"accelerometer; autoplay; clipboard-write; encrypted-media; gyroscope; picture-in-picture\" allowfullscreen><\/iframe>\n\n\n\n<p class=\"has-vivid-red-color has-text-color has-medium-font-size\"><strong>Face \u00e0 Omicron, la France d\u00e9cide de renforcer les tests et les restrictions.\u00a0Mais cet autre pays europ\u00e9en prend une strat\u00e9gie totalement oppos\u00e9e.\u00a0Laquelle est la plus raisonnable ?<\/strong><\/p>\n<\/div><\/div>","protected":false},"excerpt":{"rendered":"<p>Face \u00e0 Omicron, la France d\u00e9cide de renforcer les tests et les restrictions.\u00a0Mais cet autre pays europ\u00e9en prend une strat\u00e9gie&#8230; <a href=\"https:\/\/covid19-a-savoir.net\/index.php\/2022\/01\/14\/ce-pays-europeen-traite-maintenant-le-covid-comme-une-grippe\/\" class=\"readmore\">Read more<span class=\"screen-reader-text\">Ce Pays Europ\u00e9en Traite Maintenant Le Covid Comme Une Grippe<\/span><span class=\"fa fa-angle-double-right\" aria-hidden=\"true\"><\/span><\/a><\/p>\n","protected":false},"author":1,"featured_media":0,"comment_status":"closed","ping_status":"closed","sticky":false,"template":"","format":"standard","meta":{"_jetpack_memberships_contains_paid_content":false,"footnotes":""},"categories":[1],"tags":[],"yoast_head":"<!-- This site is optimized with the Yoast SEO plugin v23.2 - https:\/\/yoast.com\/wordpress\/plugins\/seo\/ -->\n<title>Ce Pays Europ\u00e9en Traite Maintenant Le Covid Comme Une Grippe - Actualit\u00e9s, , .... Apr\u00e8s la p\u00e9riode &quot;covid19&quot;<\/title>\n<meta name=\"robots\" content=\"index, follow, max-snippet:-1, max-image-preview:large, max-video-preview:-1\" \/>\n<link rel=\"canonical\" href=\"https:\/\/covid19-a-savoir.net\/index.php\/2022\/01\/14\/ce-pays-europeen-traite-maintenant-le-covid-comme-une-grippe\/\" \/>\n<meta property=\"og:locale\" content=\"fr_FR\" \/>\n<meta property=\"og:type\" content=\"article\" \/>\n<meta property=\"og:title\" content=\"Ce Pays Europ\u00e9en Traite Maintenant Le Covid Comme Une Grippe - Actualit\u00e9s, , .... Apr\u00e8s la p\u00e9riode &quot;covid19&quot;\" \/>\n<meta property=\"og:description\" content=\"Face \u00e0 Omicron, la France d\u00e9cide de renforcer les tests et les restrictions.\u00a0Mais cet autre pays europ\u00e9en prend une strat\u00e9gie... Read moreCe Pays Europ\u00e9en Traite Maintenant Le Covid Comme Une Grippe\" \/>\n<meta property=\"og:url\" content=\"https:\/\/covid19-a-savoir.net\/index.php\/2022\/01\/14\/ce-pays-europeen-traite-maintenant-le-covid-comme-une-grippe\/\" \/>\n<meta property=\"og:site_name\" content=\"Actualit\u00e9s, , .... Apr\u00e8s la p\u00e9riode &quot;covid19&quot;\" \/>\n<meta property=\"article:published_time\" content=\"2022-01-14T06:28:59+00:00\" \/>\n<meta property=\"article:modified_time\" content=\"2022-01-14T06:29:00+00:00\" \/>\n<meta name=\"author\" content=\"GS\" \/>\n<meta name=\"twitter:card\" content=\"summary_large_image\" \/>\n<meta name=\"twitter:label1\" content=\"\u00c9crit par\" \/>\n\t<meta name=\"twitter:data1\" content=\"GS\" \/>\n<script type=\"application\/ld+json\" class=\"yoast-schema-graph\">{\"@context\":\"https:\/\/schema.org\",\"@graph\":[{\"@type\":\"Article\",\"@id\":\"https:\/\/covid19-a-savoir.net\/index.php\/2022\/01\/14\/ce-pays-europeen-traite-maintenant-le-covid-comme-une-grippe\/#article\",\"isPartOf\":{\"@id\":\"https:\/\/covid19-a-savoir.net\/index.php\/2022\/01\/14\/ce-pays-europeen-traite-maintenant-le-covid-comme-une-grippe\/\"},\"author\":{\"name\":\"GS\",\"@id\":\"https:\/\/covid19-a-savoir.net\/#\/schema\/person\/53265987e4424cc7dde2f857d2b378cf\"},\"headline\":\"Ce Pays Europ\u00e9en Traite Maintenant Le Covid Comme Une Grippe\",\"datePublished\":\"2022-01-14T06:28:59+00:00\",\"dateModified\":\"2022-01-14T06:29:00+00:00\",\"mainEntityOfPage\":{\"@id\":\"https:\/\/covid19-a-savoir.net\/index.php\/2022\/01\/14\/ce-pays-europeen-traite-maintenant-le-covid-comme-une-grippe\/\"},\"wordCount\":42,\"publisher\":{\"@id\":\"https:\/\/covid19-a-savoir.net\/#\/schema\/person\/53265987e4424cc7dde2f857d2b378cf\"},\"articleSection\":[\"covid19\"],\"inLanguage\":\"fr-FR\"},{\"@type\":\"WebPage\",\"@id\":\"https:\/\/covid19-a-savoir.net\/index.php\/2022\/01\/14\/ce-pays-europeen-traite-maintenant-le-covid-comme-une-grippe\/\",\"url\":\"https:\/\/covid19-a-savoir.net\/index.php\/2022\/01\/14\/ce-pays-europeen-traite-maintenant-le-covid-comme-une-grippe\/\",\"name\":\"Ce Pays Europ\u00e9en Traite Maintenant Le Covid Comme Une Grippe - Actualit\u00e9s, , .... Apr\u00e8s la p\u00e9riode &quot;covid19&quot;\",\"isPartOf\":{\"@id\":\"https:\/\/covid19-a-savoir.net\/#website\"},\"datePublished\":\"2022-01-14T06:28:59+00:00\",\"dateModified\":\"2022-01-14T06:29:00+00:00\",\"breadcrumb\":{\"@id\":\"https:\/\/covid19-a-savoir.net\/index.php\/2022\/01\/14\/ce-pays-europeen-traite-maintenant-le-covid-comme-une-grippe\/#breadcrumb\"},\"inLanguage\":\"fr-FR\",\"potentialAction\":[{\"@type\":\"ReadAction\",\"target\":[\"https:\/\/covid19-a-savoir.net\/index.php\/2022\/01\/14\/ce-pays-europeen-traite-maintenant-le-covid-comme-une-grippe\/\"]}]},{\"@type\":\"BreadcrumbList\",\"@id\":\"https:\/\/covid19-a-savoir.net\/index.php\/2022\/01\/14\/ce-pays-europeen-traite-maintenant-le-covid-comme-une-grippe\/#breadcrumb\",\"itemListElement\":[{\"@type\":\"ListItem\",\"position\":1,\"name\":\"Accueil\",\"item\":\"https:\/\/covid19-a-savoir.net\/\"},{\"@type\":\"ListItem\",\"position\":2,\"name\":\"Ce Pays Europ\u00e9en Traite Maintenant Le Covid Comme Une Grippe\"}]},{\"@type\":\"WebSite\",\"@id\":\"https:\/\/covid19-a-savoir.net\/#website\",\"url\":\"https:\/\/covid19-a-savoir.net\/\",\"name\":\"Actualit\u00e9s, , .... Apr\u00e8s la p\u00e9riode &quot;covid19&quot;\",\"description\":\"DES V\u00c9RIT\u00c9S QUI D\u00c9RANGENT\",\"publisher\":{\"@id\":\"https:\/\/covid19-a-savoir.net\/#\/schema\/person\/53265987e4424cc7dde2f857d2b378cf\"},\"potentialAction\":[{\"@type\":\"SearchAction\",\"target\":{\"@type\":\"EntryPoint\",\"urlTemplate\":\"https:\/\/covid19-a-savoir.net\/?s={search_term_string}\"},\"query-input\":\"required name=search_term_string\"}],\"inLanguage\":\"fr-FR\"},{\"@type\":[\"Person\",\"Organization\"],\"@id\":\"https:\/\/covid19-a-savoir.net\/#\/schema\/person\/53265987e4424cc7dde2f857d2b378cf\",\"name\":\"GS\",\"image\":{\"@type\":\"ImageObject\",\"inLanguage\":\"fr-FR\",\"@id\":\"https:\/\/covid19-a-savoir.net\/#\/schema\/person\/image\/\",\"url\":\"https:\/\/covid19-a-savoir.net\/wp-content\/uploads\/2022\/07\/dans-ce-monde-312x312-1.png\",\"contentUrl\":\"https:\/\/covid19-a-savoir.net\/wp-content\/uploads\/2022\/07\/dans-ce-monde-312x312-1.png\",\"width\":312,\"height\":312,\"caption\":\"GS\"},\"logo\":{\"@id\":\"https:\/\/covid19-a-savoir.net\/#\/schema\/person\/image\/\"},\"sameAs\":[\"http:\/\/covid19-a-savoir.net\"],\"url\":\"https:\/\/covid19-a-savoir.net\/index.php\/author\/guido-saverio-sgmail-com\/\"}]}<\/script>\n<!-- \/ Yoast SEO plugin. -->","yoast_head_json":{"title":"Ce Pays Europ\u00e9en Traite Maintenant Le Covid Comme Une Grippe - Actualit\u00e9s, , .... Apr\u00e8s la p\u00e9riode &quot;covid19&quot;","robots":{"index":"index","follow":"follow","max-snippet":"max-snippet:-1","max-image-preview":"max-image-preview:large","max-video-preview":"max-video-preview:-1"},"canonical":"https:\/\/covid19-a-savoir.net\/index.php\/2022\/01\/14\/ce-pays-europeen-traite-maintenant-le-covid-comme-une-grippe\/","og_locale":"fr_FR","og_type":"article","og_title":"Ce Pays Europ\u00e9en Traite Maintenant Le Covid Comme Une Grippe - Actualit\u00e9s, , .... Apr\u00e8s la p\u00e9riode &quot;covid19&quot;","og_description":"Face \u00e0 Omicron, la France d\u00e9cide de renforcer les tests et les restrictions.\u00a0Mais cet autre pays europ\u00e9en prend une strat\u00e9gie... Read moreCe Pays Europ\u00e9en Traite Maintenant Le Covid Comme Une Grippe","og_url":"https:\/\/covid19-a-savoir.net\/index.php\/2022\/01\/14\/ce-pays-europeen-traite-maintenant-le-covid-comme-une-grippe\/","og_site_name":"Actualit\u00e9s, , .... Apr\u00e8s la p\u00e9riode &quot;covid19&quot;","article_published_time":"2022-01-14T06:28:59+00:00","article_modified_time":"2022-01-14T06:29:00+00:00","author":"GS","twitter_card":"summary_large_image","twitter_misc":{"\u00c9crit par":"GS"},"schema":{"@context":"https:\/\/schema.org","@graph":[{"@type":"Article","@id":"https:\/\/covid19-a-savoir.net\/index.php\/2022\/01\/14\/ce-pays-europeen-traite-maintenant-le-covid-comme-une-grippe\/#article","isPartOf":{"@id":"https:\/\/covid19-a-savoir.net\/index.php\/2022\/01\/14\/ce-pays-europeen-traite-maintenant-le-covid-comme-une-grippe\/"},"author":{"name":"GS","@id":"https:\/\/covid19-a-savoir.net\/#\/schema\/person\/53265987e4424cc7dde2f857d2b378cf"},"headline":"Ce Pays Europ\u00e9en Traite Maintenant Le Covid Comme Une Grippe","datePublished":"2022-01-14T06:28:59+00:00","dateModified":"2022-01-14T06:29:00+00:00","mainEntityOfPage":{"@id":"https:\/\/covid19-a-savoir.net\/index.php\/2022\/01\/14\/ce-pays-europeen-traite-maintenant-le-covid-comme-une-grippe\/"},"wordCount":42,"publisher":{"@id":"https:\/\/covid19-a-savoir.net\/#\/schema\/person\/53265987e4424cc7dde2f857d2b378cf"},"articleSection":["covid19"],"inLanguage":"fr-FR"},{"@type":"WebPage","@id":"https:\/\/covid19-a-savoir.net\/index.php\/2022\/01\/14\/ce-pays-europeen-traite-maintenant-le-covid-comme-une-grippe\/","url":"https:\/\/covid19-a-savoir.net\/index.php\/2022\/01\/14\/ce-pays-europeen-traite-maintenant-le-covid-comme-une-grippe\/","name":"Ce Pays Europ\u00e9en Traite Maintenant Le Covid Comme Une Grippe - Actualit\u00e9s, , .... Apr\u00e8s la p\u00e9riode &quot;covid19&quot;","isPartOf":{"@id":"https:\/\/covid19-a-savoir.net\/#website"},"datePublished":"2022-01-14T06:28:59+00:00","dateModified":"2022-01-14T06:29:00+00:00","breadcrumb":{"@id":"https:\/\/covid19-a-savoir.net\/index.php\/2022\/01\/14\/ce-pays-europeen-traite-maintenant-le-covid-comme-une-grippe\/#breadcrumb"},"inLanguage":"fr-FR","potentialAction":[{"@type":"ReadAction","target":["https:\/\/covid19-a-savoir.net\/index.php\/2022\/01\/14\/ce-pays-europeen-traite-maintenant-le-covid-comme-une-grippe\/"]}]},{"@type":"BreadcrumbList","@id":"https:\/\/covid19-a-savoir.net\/index.php\/2022\/01\/14\/ce-pays-europeen-traite-maintenant-le-covid-comme-une-grippe\/#breadcrumb","itemListElement":[{"@type":"ListItem","position":1,"name":"Accueil","item":"https:\/\/covid19-a-savoir.net\/"},{"@type":"ListItem","position":2,"name":"Ce Pays Europ\u00e9en Traite Maintenant Le Covid Comme Une Grippe"}]},{"@type":"WebSite","@id":"https:\/\/covid19-a-savoir.net\/#website","url":"https:\/\/covid19-a-savoir.net\/","name":"Actualit\u00e9s, , .... Apr\u00e8s la p\u00e9riode &quot;covid19&quot;","description":"DES V\u00c9RIT\u00c9S QUI D\u00c9RANGENT","publisher":{"@id":"https:\/\/covid19-a-savoir.net\/#\/schema\/person\/53265987e4424cc7dde2f857d2b378cf"},"potentialAction":[{"@type":"SearchAction","target":{"@type":"EntryPoint","urlTemplate":"https:\/\/covid19-a-savoir.net\/?s={search_term_string}"},"query-input":"required name=search_term_string"}],"inLanguage":"fr-FR"},{"@type":["Person","Organization"],"@id":"https:\/\/covid19-a-savoir.net\/#\/schema\/person\/53265987e4424cc7dde2f857d2b378cf","name":"GS","image":{"@type":"ImageObject","inLanguage":"fr-FR","@id":"https:\/\/covid19-a-savoir.net\/#\/schema\/person\/image\/","url":"https:\/\/covid19-a-savoir.net\/wp-content\/uploads\/2022\/07\/dans-ce-monde-312x312-1.png","contentUrl":"https:\/\/covid19-a-savoir.net\/wp-content\/uploads\/2022\/07\/dans-ce-monde-312x312-1.png","width":312,"height":312,"caption":"GS"},"logo":{"@id":"https:\/\/covid19-a-savoir.net\/#\/schema\/person\/image\/"},"sameAs":["http:\/\/covid19-a-savoir.net"],"url":"https:\/\/covid19-a-savoir.net\/index.php\/author\/guido-saverio-sgmail-com\/"}]}},"jetpack_sharing_enabled":true,"jetpack_featured_media_url":"","_links":{"self":[{"href":"https:\/\/covid19-a-savoir.net\/index.php\/wp-json\/wp\/v2\/posts\/852"}],"collection":[{"href":"https:\/\/covid19-a-savoir.net\/index.php\/wp-json\/wp\/v2\/posts"}],"about":[{"href":"https:\/\/covid19-a-savoir.net\/index.php\/wp-json\/wp\/v2\/types\/post"}],"author":[{"embeddable":true,"href":"https:\/\/covid19-a-savoir.net\/index.php\/wp-json\/wp\/v2\/users\/1"}],"replies":[{"embeddable":true,"href":"https:\/\/covid19-a-savoir.net\/index.php\/wp-json\/wp\/v2\/comments?post=852"}],"version-history":[{"count":1,"href":"https:\/\/covid19-a-savoir.net\/index.php\/wp-json\/wp\/v2\/posts\/852\/revisions"}],"predecessor-version":[{"id":853,"href":"https:\/\/covid19-a-savoir.net\/index.php\/wp-json\/wp\/v2\/posts\/852\/revisions\/853"}],"wp:attachment":[{"href":"https:\/\/covid19-a-savoir.net\/index.php\/wp-json\/wp\/v2\/media?parent=852"}],"wp:term":[{"taxonomy":"category","embeddable":true,"href":"https:\/\/covid19-a-savoir.net\/index.php\/wp-json\/wp\/v2\/categories?post=852"},{"taxonomy":"post_tag","embeddable":true,"href":"https:\/\/covid19-a-savoir.net\/index.php\/wp-json\/wp\/v2\/tags?post=852"}],"curies":[{"name":"wp","href":"https:\/\/api.w.org\/{rel}","templated":true}]}}