{"id":692,"date":"2021-12-05T13:48:05","date_gmt":"2021-12-05T13:48:05","guid":{"rendered":"https:\/\/covid19-a-savoir.net\/?p=692"},"modified":"2021-12-05T13:48:18","modified_gmt":"2021-12-05T13:48:18","slug":"pr-perronne-ca-derange-de-dire-la-verite-car-cela-contrarie-des-interets-financiers-colossaux","status":"publish","type":"post","link":"https:\/\/covid19-a-savoir.net\/index.php\/2021\/12\/05\/pr-perronne-ca-derange-de-dire-la-verite-car-cela-contrarie-des-interets-financiers-colossaux\/","title":{"rendered":"Pr Perronne : \u00ab \u00c7a d\u00e9range de dire la v\u00e9rit\u00e9, car cela contrarie des int\u00e9r\u00eats financiers colossaux \u00bb"},"content":{"rendered":"<div id=\"dslc-theme-content\"><div id=\"dslc-theme-content-inner\">\n<iframe width=\"560\" height=\"315\" src=\"https:\/\/www.youtube.com\/embed\/X9hSF4vWQ_s\" title=\"YouTube video player\" frameborder=\"0\" allow=\"accelerometer; autoplay; clipboard-write; encrypted-media; gyroscope; picture-in-picture\" allowfullscreen><\/iframe>\n\n\n\n<p>Auteur de deux best-sellers sur les erreurs commises par le gouvernement depuis le d\u00e9but de la crise sanitaire, l\u2019infectiologue est d\u00e9sormais persona non grata dans les m\u00e9dias. Alors qui est-il r\u00e9ellement ? Faut-il \u00e9couter ou craindre ses positions ? Sputnik a voulu en savoir plus. Entretien. S\u2019agissant d\u2019un sujet en lien avec le Covid-19, Sputnik rappelle que l\u2019OMS a mis \u00e0 la disposition des internautes une rubrique Questions-R\u00e9ponses dispensant des informations en lien avec la pand\u00e9mie : \u00e9volution du virus, port du masque, s\u00e9curit\u00e9 des vaccins : <a href=\"https:\/\/www.youtube.com\/redirect?event=video_description&amp;redir_token=QUFFLUhqbGlPWTh0QnJUeWRhOWhxVTVrVW16VGFwZ0owd3xBQ3Jtc0ttT1hpZDMyelN5RmdmT0Zad0lXUmlUTFNiUC0zS2doVmlLRVpLMC1NTG1vZ013R0M3TkZhdnRBSDM4YjJtblNjUEl1Y2t1YV94dzNQVTVoa1lLWS05V2ktVTF5VXZLaGRpTV84MkJJdnNNM08yQ3J0WQ&amp;q=https%3A%2F%2Fwww.who.int%2Ffr%2Femergencies%2Fdiseases%2Fnovel-coronavirus-2019%2Fquestion-and-answers-hub\" rel=\"noreferrer noopener\" target=\"_blank\">https:\/\/www.who.int\/fr\/emergencies\/di&#8230;<\/a> Retrouvez toute l\u2019actualit\u00e9, les reportages, les analyses et les chroniques sur notre site : <a href=\"https:\/\/www.youtube.com\/redirect?event=video_description&amp;redir_token=QUFFLUhqbWJrWk40NEZVQ2p4VzVfU0lYVWVLZ3dqemkyZ3xBQ3Jtc0ttV3hDN2lTQ3pxUWIzRmVxc0MydVplUUpwUnQ4Mm1XV18wTUNWVVk0bW9OeW1VX3c3RlhjYUxsb0c5NEppblVKYjBJekJPTzN3Q3VJYzVScERTLWo1Y1lXNzNMeDRlb09OQ01RMDZpWkpVbUFBNEhUWQ&amp;q=https%3A%2F%2Ffr.sputniknews.com%2F\" rel=\"noreferrer noopener\" target=\"_blank\">https:\/\/fr.sputniknews.com\/<\/a><\/p>\n<\/div><\/div>","protected":false},"excerpt":{"rendered":"<p>Auteur de deux best-sellers sur les erreurs commises par le gouvernement depuis le d\u00e9but de la crise sanitaire, l\u2019infectiologue est&#8230; <a href=\"https:\/\/covid19-a-savoir.net\/index.php\/2021\/12\/05\/pr-perronne-ca-derange-de-dire-la-verite-car-cela-contrarie-des-interets-financiers-colossaux\/\" class=\"readmore\">Read more<span class=\"screen-reader-text\">Pr Perronne : \u00ab \u00c7a d\u00e9range de dire la v\u00e9rit\u00e9, car cela contrarie des int\u00e9r\u00eats financiers colossaux \u00bb<\/span><span class=\"fa fa-angle-double-right\" aria-hidden=\"true\"><\/span><\/a><\/p>\n","protected":false},"author":1,"featured_media":0,"comment_status":"closed","ping_status":"closed","sticky":false,"template":"","format":"standard","meta":{"_jetpack_memberships_contains_paid_content":false,"footnotes":""},"categories":[1],"tags":[],"yoast_head":"<!-- This site is optimized with the Yoast SEO plugin v23.2 - https:\/\/yoast.com\/wordpress\/plugins\/seo\/ -->\n<title>Pr Perronne : \u00ab \u00c7a d\u00e9range de dire la v\u00e9rit\u00e9, car cela contrarie des int\u00e9r\u00eats financiers colossaux \u00bb - Actualit\u00e9s, , .... Apr\u00e8s la p\u00e9riode &quot;covid19&quot;<\/title>\n<meta name=\"robots\" content=\"index, follow, max-snippet:-1, max-image-preview:large, max-video-preview:-1\" \/>\n<link rel=\"canonical\" href=\"https:\/\/covid19-a-savoir.net\/index.php\/2021\/12\/05\/pr-perronne-ca-derange-de-dire-la-verite-car-cela-contrarie-des-interets-financiers-colossaux\/\" \/>\n<meta property=\"og:locale\" content=\"fr_FR\" \/>\n<meta property=\"og:type\" content=\"article\" \/>\n<meta property=\"og:title\" content=\"Pr Perronne : \u00ab \u00c7a d\u00e9range de dire la v\u00e9rit\u00e9, car cela contrarie des int\u00e9r\u00eats financiers colossaux \u00bb - Actualit\u00e9s, , .... Apr\u00e8s la p\u00e9riode &quot;covid19&quot;\" \/>\n<meta property=\"og:description\" content=\"Auteur de deux best-sellers sur les erreurs commises par le gouvernement depuis le d\u00e9but de la crise sanitaire, l\u2019infectiologue est... Read morePr Perronne : \u00ab \u00c7a d\u00e9range de dire la v\u00e9rit\u00e9, car cela contrarie des int\u00e9r\u00eats financiers colossaux \u00bb\" \/>\n<meta property=\"og:url\" content=\"https:\/\/covid19-a-savoir.net\/index.php\/2021\/12\/05\/pr-perronne-ca-derange-de-dire-la-verite-car-cela-contrarie-des-interets-financiers-colossaux\/\" \/>\n<meta property=\"og:site_name\" content=\"Actualit\u00e9s, , .... Apr\u00e8s la p\u00e9riode &quot;covid19&quot;\" \/>\n<meta property=\"article:published_time\" content=\"2021-12-05T13:48:05+00:00\" \/>\n<meta property=\"article:modified_time\" content=\"2021-12-05T13:48:18+00:00\" \/>\n<meta name=\"author\" content=\"GS\" \/>\n<meta name=\"twitter:card\" content=\"summary_large_image\" \/>\n<meta name=\"twitter:label1\" content=\"\u00c9crit par\" \/>\n\t<meta name=\"twitter:data1\" content=\"GS\" \/>\n\t<meta name=\"twitter:label2\" content=\"Dur\u00e9e de lecture estim\u00e9e\" \/>\n\t<meta name=\"twitter:data2\" content=\"1 minute\" \/>\n<script type=\"application\/ld+json\" class=\"yoast-schema-graph\">{\"@context\":\"https:\/\/schema.org\",\"@graph\":[{\"@type\":\"Article\",\"@id\":\"https:\/\/covid19-a-savoir.net\/index.php\/2021\/12\/05\/pr-perronne-ca-derange-de-dire-la-verite-car-cela-contrarie-des-interets-financiers-colossaux\/#article\",\"isPartOf\":{\"@id\":\"https:\/\/covid19-a-savoir.net\/index.php\/2021\/12\/05\/pr-perronne-ca-derange-de-dire-la-verite-car-cela-contrarie-des-interets-financiers-colossaux\/\"},\"author\":{\"name\":\"GS\",\"@id\":\"https:\/\/covid19-a-savoir.net\/#\/schema\/person\/53265987e4424cc7dde2f857d2b378cf\"},\"headline\":\"Pr Perronne : \u00ab \u00c7a d\u00e9range de dire la v\u00e9rit\u00e9, car cela contrarie des int\u00e9r\u00eats financiers colossaux \u00bb\",\"datePublished\":\"2021-12-05T13:48:05+00:00\",\"dateModified\":\"2021-12-05T13:48:18+00:00\",\"mainEntityOfPage\":{\"@id\":\"https:\/\/covid19-a-savoir.net\/index.php\/2021\/12\/05\/pr-perronne-ca-derange-de-dire-la-verite-car-cela-contrarie-des-interets-financiers-colossaux\/\"},\"wordCount\":137,\"publisher\":{\"@id\":\"https:\/\/covid19-a-savoir.net\/#\/schema\/person\/53265987e4424cc7dde2f857d2b378cf\"},\"articleSection\":[\"covid19\"],\"inLanguage\":\"fr-FR\"},{\"@type\":\"WebPage\",\"@id\":\"https:\/\/covid19-a-savoir.net\/index.php\/2021\/12\/05\/pr-perronne-ca-derange-de-dire-la-verite-car-cela-contrarie-des-interets-financiers-colossaux\/\",\"url\":\"https:\/\/covid19-a-savoir.net\/index.php\/2021\/12\/05\/pr-perronne-ca-derange-de-dire-la-verite-car-cela-contrarie-des-interets-financiers-colossaux\/\",\"name\":\"Pr Perronne : \u00ab \u00c7a d\u00e9range de dire la v\u00e9rit\u00e9, car cela contrarie des int\u00e9r\u00eats financiers colossaux \u00bb - Actualit\u00e9s, , .... Apr\u00e8s la p\u00e9riode &quot;covid19&quot;\",\"isPartOf\":{\"@id\":\"https:\/\/covid19-a-savoir.net\/#website\"},\"datePublished\":\"2021-12-05T13:48:05+00:00\",\"dateModified\":\"2021-12-05T13:48:18+00:00\",\"breadcrumb\":{\"@id\":\"https:\/\/covid19-a-savoir.net\/index.php\/2021\/12\/05\/pr-perronne-ca-derange-de-dire-la-verite-car-cela-contrarie-des-interets-financiers-colossaux\/#breadcrumb\"},\"inLanguage\":\"fr-FR\",\"potentialAction\":[{\"@type\":\"ReadAction\",\"target\":[\"https:\/\/covid19-a-savoir.net\/index.php\/2021\/12\/05\/pr-perronne-ca-derange-de-dire-la-verite-car-cela-contrarie-des-interets-financiers-colossaux\/\"]}]},{\"@type\":\"BreadcrumbList\",\"@id\":\"https:\/\/covid19-a-savoir.net\/index.php\/2021\/12\/05\/pr-perronne-ca-derange-de-dire-la-verite-car-cela-contrarie-des-interets-financiers-colossaux\/#breadcrumb\",\"itemListElement\":[{\"@type\":\"ListItem\",\"position\":1,\"name\":\"Accueil\",\"item\":\"https:\/\/covid19-a-savoir.net\/\"},{\"@type\":\"ListItem\",\"position\":2,\"name\":\"Pr Perronne : \u00ab \u00c7a d\u00e9range de dire la v\u00e9rit\u00e9, car cela contrarie des int\u00e9r\u00eats financiers colossaux \u00bb\"}]},{\"@type\":\"WebSite\",\"@id\":\"https:\/\/covid19-a-savoir.net\/#website\",\"url\":\"https:\/\/covid19-a-savoir.net\/\",\"name\":\"Actualit\u00e9s, , .... Apr\u00e8s la p\u00e9riode &quot;covid19&quot;\",\"description\":\"DES V\u00c9RIT\u00c9S QUI D\u00c9RANGENT\",\"publisher\":{\"@id\":\"https:\/\/covid19-a-savoir.net\/#\/schema\/person\/53265987e4424cc7dde2f857d2b378cf\"},\"potentialAction\":[{\"@type\":\"SearchAction\",\"target\":{\"@type\":\"EntryPoint\",\"urlTemplate\":\"https:\/\/covid19-a-savoir.net\/?s={search_term_string}\"},\"query-input\":\"required name=search_term_string\"}],\"inLanguage\":\"fr-FR\"},{\"@type\":[\"Person\",\"Organization\"],\"@id\":\"https:\/\/covid19-a-savoir.net\/#\/schema\/person\/53265987e4424cc7dde2f857d2b378cf\",\"name\":\"GS\",\"image\":{\"@type\":\"ImageObject\",\"inLanguage\":\"fr-FR\",\"@id\":\"https:\/\/covid19-a-savoir.net\/#\/schema\/person\/image\/\",\"url\":\"https:\/\/covid19-a-savoir.net\/wp-content\/uploads\/2022\/07\/dans-ce-monde-312x312-1.png\",\"contentUrl\":\"https:\/\/covid19-a-savoir.net\/wp-content\/uploads\/2022\/07\/dans-ce-monde-312x312-1.png\",\"width\":312,\"height\":312,\"caption\":\"GS\"},\"logo\":{\"@id\":\"https:\/\/covid19-a-savoir.net\/#\/schema\/person\/image\/\"},\"sameAs\":[\"http:\/\/covid19-a-savoir.net\"],\"url\":\"https:\/\/covid19-a-savoir.net\/index.php\/author\/guido-saverio-sgmail-com\/\"}]}<\/script>\n<!-- \/ Yoast SEO plugin. -->","yoast_head_json":{"title":"Pr Perronne : \u00ab \u00c7a d\u00e9range de dire la v\u00e9rit\u00e9, car cela contrarie des int\u00e9r\u00eats financiers colossaux \u00bb - Actualit\u00e9s, , .... Apr\u00e8s la p\u00e9riode &quot;covid19&quot;","robots":{"index":"index","follow":"follow","max-snippet":"max-snippet:-1","max-image-preview":"max-image-preview:large","max-video-preview":"max-video-preview:-1"},"canonical":"https:\/\/covid19-a-savoir.net\/index.php\/2021\/12\/05\/pr-perronne-ca-derange-de-dire-la-verite-car-cela-contrarie-des-interets-financiers-colossaux\/","og_locale":"fr_FR","og_type":"article","og_title":"Pr Perronne : \u00ab \u00c7a d\u00e9range de dire la v\u00e9rit\u00e9, car cela contrarie des int\u00e9r\u00eats financiers colossaux \u00bb - Actualit\u00e9s, , .... Apr\u00e8s la p\u00e9riode &quot;covid19&quot;","og_description":"Auteur de deux best-sellers sur les erreurs commises par le gouvernement depuis le d\u00e9but de la crise sanitaire, l\u2019infectiologue est... Read morePr Perronne : \u00ab \u00c7a d\u00e9range de dire la v\u00e9rit\u00e9, car cela contrarie des int\u00e9r\u00eats financiers colossaux \u00bb","og_url":"https:\/\/covid19-a-savoir.net\/index.php\/2021\/12\/05\/pr-perronne-ca-derange-de-dire-la-verite-car-cela-contrarie-des-interets-financiers-colossaux\/","og_site_name":"Actualit\u00e9s, , .... Apr\u00e8s la p\u00e9riode &quot;covid19&quot;","article_published_time":"2021-12-05T13:48:05+00:00","article_modified_time":"2021-12-05T13:48:18+00:00","author":"GS","twitter_card":"summary_large_image","twitter_misc":{"\u00c9crit par":"GS","Dur\u00e9e de lecture estim\u00e9e":"1 minute"},"schema":{"@context":"https:\/\/schema.org","@graph":[{"@type":"Article","@id":"https:\/\/covid19-a-savoir.net\/index.php\/2021\/12\/05\/pr-perronne-ca-derange-de-dire-la-verite-car-cela-contrarie-des-interets-financiers-colossaux\/#article","isPartOf":{"@id":"https:\/\/covid19-a-savoir.net\/index.php\/2021\/12\/05\/pr-perronne-ca-derange-de-dire-la-verite-car-cela-contrarie-des-interets-financiers-colossaux\/"},"author":{"name":"GS","@id":"https:\/\/covid19-a-savoir.net\/#\/schema\/person\/53265987e4424cc7dde2f857d2b378cf"},"headline":"Pr Perronne : \u00ab \u00c7a d\u00e9range de dire la v\u00e9rit\u00e9, car cela contrarie des int\u00e9r\u00eats financiers colossaux \u00bb","datePublished":"2021-12-05T13:48:05+00:00","dateModified":"2021-12-05T13:48:18+00:00","mainEntityOfPage":{"@id":"https:\/\/covid19-a-savoir.net\/index.php\/2021\/12\/05\/pr-perronne-ca-derange-de-dire-la-verite-car-cela-contrarie-des-interets-financiers-colossaux\/"},"wordCount":137,"publisher":{"@id":"https:\/\/covid19-a-savoir.net\/#\/schema\/person\/53265987e4424cc7dde2f857d2b378cf"},"articleSection":["covid19"],"inLanguage":"fr-FR"},{"@type":"WebPage","@id":"https:\/\/covid19-a-savoir.net\/index.php\/2021\/12\/05\/pr-perronne-ca-derange-de-dire-la-verite-car-cela-contrarie-des-interets-financiers-colossaux\/","url":"https:\/\/covid19-a-savoir.net\/index.php\/2021\/12\/05\/pr-perronne-ca-derange-de-dire-la-verite-car-cela-contrarie-des-interets-financiers-colossaux\/","name":"Pr Perronne : \u00ab \u00c7a d\u00e9range de dire la v\u00e9rit\u00e9, car cela contrarie des int\u00e9r\u00eats financiers colossaux \u00bb - Actualit\u00e9s, , .... Apr\u00e8s la p\u00e9riode &quot;covid19&quot;","isPartOf":{"@id":"https:\/\/covid19-a-savoir.net\/#website"},"datePublished":"2021-12-05T13:48:05+00:00","dateModified":"2021-12-05T13:48:18+00:00","breadcrumb":{"@id":"https:\/\/covid19-a-savoir.net\/index.php\/2021\/12\/05\/pr-perronne-ca-derange-de-dire-la-verite-car-cela-contrarie-des-interets-financiers-colossaux\/#breadcrumb"},"inLanguage":"fr-FR","potentialAction":[{"@type":"ReadAction","target":["https:\/\/covid19-a-savoir.net\/index.php\/2021\/12\/05\/pr-perronne-ca-derange-de-dire-la-verite-car-cela-contrarie-des-interets-financiers-colossaux\/"]}]},{"@type":"BreadcrumbList","@id":"https:\/\/covid19-a-savoir.net\/index.php\/2021\/12\/05\/pr-perronne-ca-derange-de-dire-la-verite-car-cela-contrarie-des-interets-financiers-colossaux\/#breadcrumb","itemListElement":[{"@type":"ListItem","position":1,"name":"Accueil","item":"https:\/\/covid19-a-savoir.net\/"},{"@type":"ListItem","position":2,"name":"Pr Perronne : \u00ab \u00c7a d\u00e9range de dire la v\u00e9rit\u00e9, car cela contrarie des int\u00e9r\u00eats financiers colossaux \u00bb"}]},{"@type":"WebSite","@id":"https:\/\/covid19-a-savoir.net\/#website","url":"https:\/\/covid19-a-savoir.net\/","name":"Actualit\u00e9s, , .... Apr\u00e8s la p\u00e9riode &quot;covid19&quot;","description":"DES V\u00c9RIT\u00c9S QUI D\u00c9RANGENT","publisher":{"@id":"https:\/\/covid19-a-savoir.net\/#\/schema\/person\/53265987e4424cc7dde2f857d2b378cf"},"potentialAction":[{"@type":"SearchAction","target":{"@type":"EntryPoint","urlTemplate":"https:\/\/covid19-a-savoir.net\/?s={search_term_string}"},"query-input":"required name=search_term_string"}],"inLanguage":"fr-FR"},{"@type":["Person","Organization"],"@id":"https:\/\/covid19-a-savoir.net\/#\/schema\/person\/53265987e4424cc7dde2f857d2b378cf","name":"GS","image":{"@type":"ImageObject","inLanguage":"fr-FR","@id":"https:\/\/covid19-a-savoir.net\/#\/schema\/person\/image\/","url":"https:\/\/covid19-a-savoir.net\/wp-content\/uploads\/2022\/07\/dans-ce-monde-312x312-1.png","contentUrl":"https:\/\/covid19-a-savoir.net\/wp-content\/uploads\/2022\/07\/dans-ce-monde-312x312-1.png","width":312,"height":312,"caption":"GS"},"logo":{"@id":"https:\/\/covid19-a-savoir.net\/#\/schema\/person\/image\/"},"sameAs":["http:\/\/covid19-a-savoir.net"],"url":"https:\/\/covid19-a-savoir.net\/index.php\/author\/guido-saverio-sgmail-com\/"}]}},"jetpack_sharing_enabled":true,"jetpack_featured_media_url":"","_links":{"self":[{"href":"https:\/\/covid19-a-savoir.net\/index.php\/wp-json\/wp\/v2\/posts\/692"}],"collection":[{"href":"https:\/\/covid19-a-savoir.net\/index.php\/wp-json\/wp\/v2\/posts"}],"about":[{"href":"https:\/\/covid19-a-savoir.net\/index.php\/wp-json\/wp\/v2\/types\/post"}],"author":[{"embeddable":true,"href":"https:\/\/covid19-a-savoir.net\/index.php\/wp-json\/wp\/v2\/users\/1"}],"replies":[{"embeddable":true,"href":"https:\/\/covid19-a-savoir.net\/index.php\/wp-json\/wp\/v2\/comments?post=692"}],"version-history":[{"count":1,"href":"https:\/\/covid19-a-savoir.net\/index.php\/wp-json\/wp\/v2\/posts\/692\/revisions"}],"predecessor-version":[{"id":693,"href":"https:\/\/covid19-a-savoir.net\/index.php\/wp-json\/wp\/v2\/posts\/692\/revisions\/693"}],"wp:attachment":[{"href":"https:\/\/covid19-a-savoir.net\/index.php\/wp-json\/wp\/v2\/media?parent=692"}],"wp:term":[{"taxonomy":"category","embeddable":true,"href":"https:\/\/covid19-a-savoir.net\/index.php\/wp-json\/wp\/v2\/categories?post=692"},{"taxonomy":"post_tag","embeddable":true,"href":"https:\/\/covid19-a-savoir.net\/index.php\/wp-json\/wp\/v2\/tags?post=692"}],"curies":[{"name":"wp","href":"https:\/\/api.w.org\/{rel}","templated":true}]}}