{"id":585,"date":"2021-10-03T12:51:36","date_gmt":"2021-10-03T12:51:36","guid":{"rendered":"https:\/\/covid19-a-savoir.net\/?p=585"},"modified":"2021-10-03T12:51:39","modified_gmt":"2021-10-03T12:51:39","slug":"le-pass-sanitaire-est-100-compatible-avec-le-grand-reset-estime-eric-verhaeghe","status":"publish","type":"post","link":"https:\/\/covid19-a-savoir.net\/index.php\/2021\/10\/03\/le-pass-sanitaire-est-100-compatible-avec-le-grand-reset-estime-eric-verhaeghe\/","title":{"rendered":"\u00ab Le pass sanitaire est 100% compatible avec le Grand Reset \u00bb, estime \u00c9ric Verhaeghe"},"content":{"rendered":"<div id=\"dslc-theme-content\"><div id=\"dslc-theme-content-inner\">\n<iframe width=\"560\" height=\"315\" src=\"https:\/\/www.youtube.com\/embed\/TzT5WHNFPV4\" title=\"YouTube video player\" frameborder=\"0\" allow=\"accelerometer; autoplay; clipboard-write; encrypted-media; gyroscope; picture-in-picture\" allowfullscreen><\/iframe>\n\n\n\n<p>Pr\u00e8s d\u2019un an apr\u00e8s la parution du livre de K. Schwab et T. Malleret, nous avons recueilli le point de vue d\u2019\u00c9ric Verhaeghe sur les mesures politiques prises ces derniers mois en France, en Europe ou aux \u00c9tats-Unis afin de comprendre si elles s\u2019inscrivaient dans le cadre id\u00e9ologique du Grand Reset et si les recommandations formul\u00e9es par le Forum \u00e9conomique mondial trouvaient un \u00e9cho aupr\u00e8s des dirigeants occidentaux.<\/p>\n<\/div><\/div>","protected":false},"excerpt":{"rendered":"<p>Pr\u00e8s d\u2019un an apr\u00e8s la parution du livre de K. Schwab et T. Malleret, nous avons recueilli le point de&#8230; <a href=\"https:\/\/covid19-a-savoir.net\/index.php\/2021\/10\/03\/le-pass-sanitaire-est-100-compatible-avec-le-grand-reset-estime-eric-verhaeghe\/\" class=\"readmore\">Read more<span class=\"screen-reader-text\">\u00ab Le pass sanitaire est 100% compatible avec le Grand Reset \u00bb, estime \u00c9ric Verhaeghe<\/span><span class=\"fa fa-angle-double-right\" aria-hidden=\"true\"><\/span><\/a><\/p>\n","protected":false},"author":1,"featured_media":0,"comment_status":"closed","ping_status":"closed","sticky":false,"template":"","format":"standard","meta":{"_jetpack_memberships_contains_paid_content":false,"footnotes":""},"categories":[1],"tags":[],"yoast_head":"<!-- This site is optimized with the Yoast SEO plugin v23.2 - https:\/\/yoast.com\/wordpress\/plugins\/seo\/ -->\n<title>\u00ab Le pass sanitaire est 100% compatible avec le Grand Reset \u00bb, estime \u00c9ric Verhaeghe - Actualit\u00e9s, , .... Apr\u00e8s la p\u00e9riode &quot;covid19&quot;<\/title>\n<meta name=\"robots\" content=\"index, follow, max-snippet:-1, max-image-preview:large, max-video-preview:-1\" \/>\n<link rel=\"canonical\" href=\"https:\/\/covid19-a-savoir.net\/index.php\/2021\/10\/03\/le-pass-sanitaire-est-100-compatible-avec-le-grand-reset-estime-eric-verhaeghe\/\" \/>\n<meta property=\"og:locale\" content=\"fr_FR\" \/>\n<meta property=\"og:type\" content=\"article\" \/>\n<meta property=\"og:title\" content=\"\u00ab Le pass sanitaire est 100% compatible avec le Grand Reset \u00bb, estime \u00c9ric Verhaeghe - Actualit\u00e9s, , .... Apr\u00e8s la p\u00e9riode &quot;covid19&quot;\" \/>\n<meta property=\"og:description\" content=\"Pr\u00e8s d\u2019un an apr\u00e8s la parution du livre de K. Schwab et T. Malleret, nous avons recueilli le point de... Read more\u00ab Le pass sanitaire est 100% compatible avec le Grand Reset \u00bb, estime \u00c9ric Verhaeghe\" \/>\n<meta property=\"og:url\" content=\"https:\/\/covid19-a-savoir.net\/index.php\/2021\/10\/03\/le-pass-sanitaire-est-100-compatible-avec-le-grand-reset-estime-eric-verhaeghe\/\" \/>\n<meta property=\"og:site_name\" content=\"Actualit\u00e9s, , .... Apr\u00e8s la p\u00e9riode &quot;covid19&quot;\" \/>\n<meta property=\"article:published_time\" content=\"2021-10-03T12:51:36+00:00\" \/>\n<meta property=\"article:modified_time\" content=\"2021-10-03T12:51:39+00:00\" \/>\n<meta name=\"author\" content=\"GS\" \/>\n<meta name=\"twitter:card\" content=\"summary_large_image\" \/>\n<meta name=\"twitter:label1\" content=\"\u00c9crit par\" \/>\n\t<meta name=\"twitter:data1\" content=\"GS\" \/>\n<script type=\"application\/ld+json\" class=\"yoast-schema-graph\">{\"@context\":\"https:\/\/schema.org\",\"@graph\":[{\"@type\":\"Article\",\"@id\":\"https:\/\/covid19-a-savoir.net\/index.php\/2021\/10\/03\/le-pass-sanitaire-est-100-compatible-avec-le-grand-reset-estime-eric-verhaeghe\/#article\",\"isPartOf\":{\"@id\":\"https:\/\/covid19-a-savoir.net\/index.php\/2021\/10\/03\/le-pass-sanitaire-est-100-compatible-avec-le-grand-reset-estime-eric-verhaeghe\/\"},\"author\":{\"name\":\"GS\",\"@id\":\"https:\/\/covid19-a-savoir.net\/#\/schema\/person\/53265987e4424cc7dde2f857d2b378cf\"},\"headline\":\"\u00ab Le pass sanitaire est 100% compatible avec le Grand Reset \u00bb, estime \u00c9ric Verhaeghe\",\"datePublished\":\"2021-10-03T12:51:36+00:00\",\"dateModified\":\"2021-10-03T12:51:39+00:00\",\"mainEntityOfPage\":{\"@id\":\"https:\/\/covid19-a-savoir.net\/index.php\/2021\/10\/03\/le-pass-sanitaire-est-100-compatible-avec-le-grand-reset-estime-eric-verhaeghe\/\"},\"wordCount\":88,\"publisher\":{\"@id\":\"https:\/\/covid19-a-savoir.net\/#\/schema\/person\/53265987e4424cc7dde2f857d2b378cf\"},\"articleSection\":[\"covid19\"],\"inLanguage\":\"fr-FR\"},{\"@type\":\"WebPage\",\"@id\":\"https:\/\/covid19-a-savoir.net\/index.php\/2021\/10\/03\/le-pass-sanitaire-est-100-compatible-avec-le-grand-reset-estime-eric-verhaeghe\/\",\"url\":\"https:\/\/covid19-a-savoir.net\/index.php\/2021\/10\/03\/le-pass-sanitaire-est-100-compatible-avec-le-grand-reset-estime-eric-verhaeghe\/\",\"name\":\"\u00ab Le pass sanitaire est 100% compatible avec le Grand Reset \u00bb, estime \u00c9ric Verhaeghe - Actualit\u00e9s, , .... Apr\u00e8s la p\u00e9riode &quot;covid19&quot;\",\"isPartOf\":{\"@id\":\"https:\/\/covid19-a-savoir.net\/#website\"},\"datePublished\":\"2021-10-03T12:51:36+00:00\",\"dateModified\":\"2021-10-03T12:51:39+00:00\",\"breadcrumb\":{\"@id\":\"https:\/\/covid19-a-savoir.net\/index.php\/2021\/10\/03\/le-pass-sanitaire-est-100-compatible-avec-le-grand-reset-estime-eric-verhaeghe\/#breadcrumb\"},\"inLanguage\":\"fr-FR\",\"potentialAction\":[{\"@type\":\"ReadAction\",\"target\":[\"https:\/\/covid19-a-savoir.net\/index.php\/2021\/10\/03\/le-pass-sanitaire-est-100-compatible-avec-le-grand-reset-estime-eric-verhaeghe\/\"]}]},{\"@type\":\"BreadcrumbList\",\"@id\":\"https:\/\/covid19-a-savoir.net\/index.php\/2021\/10\/03\/le-pass-sanitaire-est-100-compatible-avec-le-grand-reset-estime-eric-verhaeghe\/#breadcrumb\",\"itemListElement\":[{\"@type\":\"ListItem\",\"position\":1,\"name\":\"Accueil\",\"item\":\"https:\/\/covid19-a-savoir.net\/\"},{\"@type\":\"ListItem\",\"position\":2,\"name\":\"\u00ab Le pass sanitaire est 100% compatible avec le Grand Reset \u00bb, estime \u00c9ric Verhaeghe\"}]},{\"@type\":\"WebSite\",\"@id\":\"https:\/\/covid19-a-savoir.net\/#website\",\"url\":\"https:\/\/covid19-a-savoir.net\/\",\"name\":\"Actualit\u00e9s, , .... Apr\u00e8s la p\u00e9riode &quot;covid19&quot;\",\"description\":\"DES V\u00c9RIT\u00c9S QUI D\u00c9RANGENT\",\"publisher\":{\"@id\":\"https:\/\/covid19-a-savoir.net\/#\/schema\/person\/53265987e4424cc7dde2f857d2b378cf\"},\"potentialAction\":[{\"@type\":\"SearchAction\",\"target\":{\"@type\":\"EntryPoint\",\"urlTemplate\":\"https:\/\/covid19-a-savoir.net\/?s={search_term_string}\"},\"query-input\":\"required name=search_term_string\"}],\"inLanguage\":\"fr-FR\"},{\"@type\":[\"Person\",\"Organization\"],\"@id\":\"https:\/\/covid19-a-savoir.net\/#\/schema\/person\/53265987e4424cc7dde2f857d2b378cf\",\"name\":\"GS\",\"image\":{\"@type\":\"ImageObject\",\"inLanguage\":\"fr-FR\",\"@id\":\"https:\/\/covid19-a-savoir.net\/#\/schema\/person\/image\/\",\"url\":\"https:\/\/covid19-a-savoir.net\/wp-content\/uploads\/2022\/07\/dans-ce-monde-312x312-1.png\",\"contentUrl\":\"https:\/\/covid19-a-savoir.net\/wp-content\/uploads\/2022\/07\/dans-ce-monde-312x312-1.png\",\"width\":312,\"height\":312,\"caption\":\"GS\"},\"logo\":{\"@id\":\"https:\/\/covid19-a-savoir.net\/#\/schema\/person\/image\/\"},\"sameAs\":[\"http:\/\/covid19-a-savoir.net\"],\"url\":\"https:\/\/covid19-a-savoir.net\/index.php\/author\/guido-saverio-sgmail-com\/\"}]}<\/script>\n<!-- \/ Yoast SEO plugin. -->","yoast_head_json":{"title":"\u00ab Le pass sanitaire est 100% compatible avec le Grand Reset \u00bb, estime \u00c9ric Verhaeghe - Actualit\u00e9s, , .... Apr\u00e8s la p\u00e9riode &quot;covid19&quot;","robots":{"index":"index","follow":"follow","max-snippet":"max-snippet:-1","max-image-preview":"max-image-preview:large","max-video-preview":"max-video-preview:-1"},"canonical":"https:\/\/covid19-a-savoir.net\/index.php\/2021\/10\/03\/le-pass-sanitaire-est-100-compatible-avec-le-grand-reset-estime-eric-verhaeghe\/","og_locale":"fr_FR","og_type":"article","og_title":"\u00ab Le pass sanitaire est 100% compatible avec le Grand Reset \u00bb, estime \u00c9ric Verhaeghe - Actualit\u00e9s, , .... Apr\u00e8s la p\u00e9riode &quot;covid19&quot;","og_description":"Pr\u00e8s d\u2019un an apr\u00e8s la parution du livre de K. Schwab et T. Malleret, nous avons recueilli le point de... Read more\u00ab Le pass sanitaire est 100% compatible avec le Grand Reset \u00bb, estime \u00c9ric Verhaeghe","og_url":"https:\/\/covid19-a-savoir.net\/index.php\/2021\/10\/03\/le-pass-sanitaire-est-100-compatible-avec-le-grand-reset-estime-eric-verhaeghe\/","og_site_name":"Actualit\u00e9s, , .... Apr\u00e8s la p\u00e9riode &quot;covid19&quot;","article_published_time":"2021-10-03T12:51:36+00:00","article_modified_time":"2021-10-03T12:51:39+00:00","author":"GS","twitter_card":"summary_large_image","twitter_misc":{"\u00c9crit par":"GS"},"schema":{"@context":"https:\/\/schema.org","@graph":[{"@type":"Article","@id":"https:\/\/covid19-a-savoir.net\/index.php\/2021\/10\/03\/le-pass-sanitaire-est-100-compatible-avec-le-grand-reset-estime-eric-verhaeghe\/#article","isPartOf":{"@id":"https:\/\/covid19-a-savoir.net\/index.php\/2021\/10\/03\/le-pass-sanitaire-est-100-compatible-avec-le-grand-reset-estime-eric-verhaeghe\/"},"author":{"name":"GS","@id":"https:\/\/covid19-a-savoir.net\/#\/schema\/person\/53265987e4424cc7dde2f857d2b378cf"},"headline":"\u00ab Le pass sanitaire est 100% compatible avec le Grand Reset \u00bb, estime \u00c9ric Verhaeghe","datePublished":"2021-10-03T12:51:36+00:00","dateModified":"2021-10-03T12:51:39+00:00","mainEntityOfPage":{"@id":"https:\/\/covid19-a-savoir.net\/index.php\/2021\/10\/03\/le-pass-sanitaire-est-100-compatible-avec-le-grand-reset-estime-eric-verhaeghe\/"},"wordCount":88,"publisher":{"@id":"https:\/\/covid19-a-savoir.net\/#\/schema\/person\/53265987e4424cc7dde2f857d2b378cf"},"articleSection":["covid19"],"inLanguage":"fr-FR"},{"@type":"WebPage","@id":"https:\/\/covid19-a-savoir.net\/index.php\/2021\/10\/03\/le-pass-sanitaire-est-100-compatible-avec-le-grand-reset-estime-eric-verhaeghe\/","url":"https:\/\/covid19-a-savoir.net\/index.php\/2021\/10\/03\/le-pass-sanitaire-est-100-compatible-avec-le-grand-reset-estime-eric-verhaeghe\/","name":"\u00ab Le pass sanitaire est 100% compatible avec le Grand Reset \u00bb, estime \u00c9ric Verhaeghe - Actualit\u00e9s, , .... Apr\u00e8s la p\u00e9riode &quot;covid19&quot;","isPartOf":{"@id":"https:\/\/covid19-a-savoir.net\/#website"},"datePublished":"2021-10-03T12:51:36+00:00","dateModified":"2021-10-03T12:51:39+00:00","breadcrumb":{"@id":"https:\/\/covid19-a-savoir.net\/index.php\/2021\/10\/03\/le-pass-sanitaire-est-100-compatible-avec-le-grand-reset-estime-eric-verhaeghe\/#breadcrumb"},"inLanguage":"fr-FR","potentialAction":[{"@type":"ReadAction","target":["https:\/\/covid19-a-savoir.net\/index.php\/2021\/10\/03\/le-pass-sanitaire-est-100-compatible-avec-le-grand-reset-estime-eric-verhaeghe\/"]}]},{"@type":"BreadcrumbList","@id":"https:\/\/covid19-a-savoir.net\/index.php\/2021\/10\/03\/le-pass-sanitaire-est-100-compatible-avec-le-grand-reset-estime-eric-verhaeghe\/#breadcrumb","itemListElement":[{"@type":"ListItem","position":1,"name":"Accueil","item":"https:\/\/covid19-a-savoir.net\/"},{"@type":"ListItem","position":2,"name":"\u00ab Le pass sanitaire est 100% compatible avec le Grand Reset \u00bb, estime \u00c9ric Verhaeghe"}]},{"@type":"WebSite","@id":"https:\/\/covid19-a-savoir.net\/#website","url":"https:\/\/covid19-a-savoir.net\/","name":"Actualit\u00e9s, , .... Apr\u00e8s la p\u00e9riode &quot;covid19&quot;","description":"DES V\u00c9RIT\u00c9S QUI D\u00c9RANGENT","publisher":{"@id":"https:\/\/covid19-a-savoir.net\/#\/schema\/person\/53265987e4424cc7dde2f857d2b378cf"},"potentialAction":[{"@type":"SearchAction","target":{"@type":"EntryPoint","urlTemplate":"https:\/\/covid19-a-savoir.net\/?s={search_term_string}"},"query-input":"required name=search_term_string"}],"inLanguage":"fr-FR"},{"@type":["Person","Organization"],"@id":"https:\/\/covid19-a-savoir.net\/#\/schema\/person\/53265987e4424cc7dde2f857d2b378cf","name":"GS","image":{"@type":"ImageObject","inLanguage":"fr-FR","@id":"https:\/\/covid19-a-savoir.net\/#\/schema\/person\/image\/","url":"https:\/\/covid19-a-savoir.net\/wp-content\/uploads\/2022\/07\/dans-ce-monde-312x312-1.png","contentUrl":"https:\/\/covid19-a-savoir.net\/wp-content\/uploads\/2022\/07\/dans-ce-monde-312x312-1.png","width":312,"height":312,"caption":"GS"},"logo":{"@id":"https:\/\/covid19-a-savoir.net\/#\/schema\/person\/image\/"},"sameAs":["http:\/\/covid19-a-savoir.net"],"url":"https:\/\/covid19-a-savoir.net\/index.php\/author\/guido-saverio-sgmail-com\/"}]}},"jetpack_sharing_enabled":true,"jetpack_featured_media_url":"","_links":{"self":[{"href":"https:\/\/covid19-a-savoir.net\/index.php\/wp-json\/wp\/v2\/posts\/585"}],"collection":[{"href":"https:\/\/covid19-a-savoir.net\/index.php\/wp-json\/wp\/v2\/posts"}],"about":[{"href":"https:\/\/covid19-a-savoir.net\/index.php\/wp-json\/wp\/v2\/types\/post"}],"author":[{"embeddable":true,"href":"https:\/\/covid19-a-savoir.net\/index.php\/wp-json\/wp\/v2\/users\/1"}],"replies":[{"embeddable":true,"href":"https:\/\/covid19-a-savoir.net\/index.php\/wp-json\/wp\/v2\/comments?post=585"}],"version-history":[{"count":1,"href":"https:\/\/covid19-a-savoir.net\/index.php\/wp-json\/wp\/v2\/posts\/585\/revisions"}],"predecessor-version":[{"id":586,"href":"https:\/\/covid19-a-savoir.net\/index.php\/wp-json\/wp\/v2\/posts\/585\/revisions\/586"}],"wp:attachment":[{"href":"https:\/\/covid19-a-savoir.net\/index.php\/wp-json\/wp\/v2\/media?parent=585"}],"wp:term":[{"taxonomy":"category","embeddable":true,"href":"https:\/\/covid19-a-savoir.net\/index.php\/wp-json\/wp\/v2\/categories?post=585"},{"taxonomy":"post_tag","embeddable":true,"href":"https:\/\/covid19-a-savoir.net\/index.php\/wp-json\/wp\/v2\/tags?post=585"}],"curies":[{"name":"wp","href":"https:\/\/api.w.org\/{rel}","templated":true}]}}