{"id":516,"date":"2021-08-01T09:26:23","date_gmt":"2021-08-01T09:26:23","guid":{"rendered":"https:\/\/covid19-a-savoir.net\/?p=516"},"modified":"2021-08-01T09:26:25","modified_gmt":"2021-08-01T09:26:25","slug":"le-complot-de-la-5g-et-des-vaccins","status":"publish","type":"post","link":"https:\/\/covid19-a-savoir.net\/index.php\/2021\/08\/01\/le-complot-de-la-5g-et-des-vaccins\/","title":{"rendered":"le complot de la 5G et des vaccins"},"content":{"rendered":"<div id=\"dslc-theme-content\"><div id=\"dslc-theme-content-inner\">\n<iframe src=\"https:\/\/www.facebook.com\/plugins\/video.php?height=314&#038;href=https%3A%2F%2Fwww.facebook.com%2Flextracteurdetox%2Fvideos%2F910193469415374%2F&#038;show_text=false&#038;width=560&#038;t=0\" width=\"560\" height=\"314\" style=\"border:none;overflow:hidden\" scrolling=\"no\" frameborder=\"0\" allowfullscreen=\"true\" allow=\"autoplay; clipboard-write; encrypted-media; picture-in-picture; web-share\" allowFullScreen=\"true\"><\/iframe>\n\n\n\n<p>Thierry Casasnovas et son ami Christian Tal Schaller ont d\u00e9voil\u00e9 un complot mondial destin\u00e9 \u00e0 contr\u00f4ler et \u00e0 \u00e9liminer l\u2019humanit\u00e9. Essayons de poser tout cela \u00e0 plat, et de tracer les contours de ce qu\u2019ils pr\u00e9sentent comme un g\u00e9nocide vaccinal et chimique organis\u00e9 par Bill Gates, les gouvernements, les scientifiques, les m\u00e9decins, les chercheurs, les journalistes\u2026 Quand le tableau sera un peu plus clair (ou pas), il faudra trancher : peuvent-ils avoir raison ?<\/p>\n\n\n\n<p>Pour approfondir le sujet :\u00a0<a href=\"http:\/\/lepharmachien.com\/conspirations\/?fbclid=IwAR2b13-3WC1TPmaZOSgn5dgwC7KGt7xo-osizmVV7tK9JXsdudFTGZ4Uwo4\" rel=\"noreferrer noopener\" target=\"_blank\">http:\/\/lepharmachien.com\/conspirations\/<\/a><\/p>\n\n\n\n<p>Sources :La vid\u00e9o du live en int\u00e9gralit\u00e9 :\u00a0<a href=\"https:\/\/l.facebook.com\/l.php?u=https%3A%2F%2Fwww.youtube.com%2Fwatch%3Fv%3Dl94woaRN2Co%26fbclid%3DIwAR2yEYaGizuRgLKAlfC4gUoT1AphBytlTHB96gz3hzkwj4kuCg08Y437jOg&amp;h=AT2-MnH7JHld0lSzZx_tNhQrgzkT8KirKrSrEj3m4kyRjbfYCEB7dvaFM-atmo6BxHOW2kpVGDncjIyOYPokSd0OtriEE9-po3X7xnhfYex6_30TpLDth9t1pOmYhH9GW1roz7uEf8flRHoR59AD&amp;__tn__=-UK-R&amp;c[0]=AT28l_Dq6DPmKeRrGGHdo4U-nnVDKAzK02ilUM8JtrfDE9h_kMBW_mXA6ms49wduKND5Q45LEGiDrFddofoFkaBeng0YzoNUzxwjelY4xjJQMmjeuUsK7Vy4vvYh1hQ8BVwZ07T2fNXSNVqAAE8DoQR6cEzGy2PE_c34kwyd-jt4vCiw2EaAE2lXaw\" rel=\"noreferrer noopener\" target=\"_blank\">https:\/\/www.youtube.com\/watch?v=l94woaRN2Co<\/a><\/p>\n\n\n\n<p>Biographie succincte de Christian Tal Schaller :\u00a0<a href=\"https:\/\/www.psiram.com\/fr\/index.php\/Christian_Tal_Schaller?fbclid=IwAR109abbYVgG7bZrI4HeoSOdLcEhNLk_vbdwvORl0sVkFWasj9Ko6qjB69w\" rel=\"noreferrer noopener\" target=\"_blank\">https:\/\/www.psiram.com\/fr\/index.php\/Christian_Tal_Schaller<\/a><\/p>\n\n\n\n<p>Son site internet :\u00a0<a href=\"https:\/\/www.santeglobale.world\/?fbclid=IwAR1uWCVwXrXpkQjs_9dc3hPrpDH5Fmc47aYeWuVZt-KOiGxSbFC-sPOWwIM\" rel=\"noreferrer noopener\" target=\"_blank\">https:\/\/www.santeglobale.world\/<\/a><\/p>\n<\/div><\/div>","protected":false},"excerpt":{"rendered":"<p>Thierry Casasnovas et son ami Christian Tal Schaller ont d\u00e9voil\u00e9 un complot mondial destin\u00e9 \u00e0 contr\u00f4ler et \u00e0 \u00e9liminer l\u2019humanit\u00e9&#8230;. <a href=\"https:\/\/covid19-a-savoir.net\/index.php\/2021\/08\/01\/le-complot-de-la-5g-et-des-vaccins\/\" class=\"readmore\">Read more<span class=\"screen-reader-text\">le complot de la 5G et des vaccins<\/span><span class=\"fa fa-angle-double-right\" aria-hidden=\"true\"><\/span><\/a><\/p>\n","protected":false},"author":1,"featured_media":0,"comment_status":"closed","ping_status":"closed","sticky":false,"template":"","format":"standard","meta":{"_jetpack_memberships_contains_paid_content":false,"footnotes":""},"categories":[1],"tags":[],"yoast_head":"<!-- This site is optimized with the Yoast SEO plugin v23.2 - https:\/\/yoast.com\/wordpress\/plugins\/seo\/ -->\n<title>le complot de la 5G et des vaccins - Actualit\u00e9s, , .... Apr\u00e8s la p\u00e9riode &quot;covid19&quot;<\/title>\n<meta name=\"robots\" content=\"index, follow, max-snippet:-1, max-image-preview:large, max-video-preview:-1\" \/>\n<link rel=\"canonical\" href=\"https:\/\/covid19-a-savoir.net\/index.php\/2021\/08\/01\/le-complot-de-la-5g-et-des-vaccins\/\" \/>\n<meta property=\"og:locale\" content=\"fr_FR\" \/>\n<meta property=\"og:type\" content=\"article\" \/>\n<meta property=\"og:title\" content=\"le complot de la 5G et des vaccins - Actualit\u00e9s, , .... Apr\u00e8s la p\u00e9riode &quot;covid19&quot;\" \/>\n<meta property=\"og:description\" content=\"Thierry Casasnovas et son ami Christian Tal Schaller ont d\u00e9voil\u00e9 un complot mondial destin\u00e9 \u00e0 contr\u00f4ler et \u00e0 \u00e9liminer l\u2019humanit\u00e9.... Read morele complot de la 5G et des vaccins\" \/>\n<meta property=\"og:url\" content=\"https:\/\/covid19-a-savoir.net\/index.php\/2021\/08\/01\/le-complot-de-la-5g-et-des-vaccins\/\" \/>\n<meta property=\"og:site_name\" content=\"Actualit\u00e9s, , .... Apr\u00e8s la p\u00e9riode &quot;covid19&quot;\" \/>\n<meta property=\"article:published_time\" content=\"2021-08-01T09:26:23+00:00\" \/>\n<meta property=\"article:modified_time\" content=\"2021-08-01T09:26:25+00:00\" \/>\n<meta name=\"author\" content=\"GS\" \/>\n<meta name=\"twitter:card\" content=\"summary_large_image\" \/>\n<meta name=\"twitter:label1\" content=\"\u00c9crit par\" \/>\n\t<meta name=\"twitter:data1\" content=\"GS\" \/>\n\t<meta name=\"twitter:label2\" content=\"Dur\u00e9e de lecture estim\u00e9e\" \/>\n\t<meta name=\"twitter:data2\" content=\"1 minute\" \/>\n<script type=\"application\/ld+json\" class=\"yoast-schema-graph\">{\"@context\":\"https:\/\/schema.org\",\"@graph\":[{\"@type\":\"Article\",\"@id\":\"https:\/\/covid19-a-savoir.net\/index.php\/2021\/08\/01\/le-complot-de-la-5g-et-des-vaccins\/#article\",\"isPartOf\":{\"@id\":\"https:\/\/covid19-a-savoir.net\/index.php\/2021\/08\/01\/le-complot-de-la-5g-et-des-vaccins\/\"},\"author\":{\"name\":\"GS\",\"@id\":\"https:\/\/covid19-a-savoir.net\/#\/schema\/person\/53265987e4424cc7dde2f857d2b378cf\"},\"headline\":\"le complot de la 5G et des vaccins\",\"datePublished\":\"2021-08-01T09:26:23+00:00\",\"dateModified\":\"2021-08-01T09:26:25+00:00\",\"mainEntityOfPage\":{\"@id\":\"https:\/\/covid19-a-savoir.net\/index.php\/2021\/08\/01\/le-complot-de-la-5g-et-des-vaccins\/\"},\"wordCount\":133,\"publisher\":{\"@id\":\"https:\/\/covid19-a-savoir.net\/#\/schema\/person\/53265987e4424cc7dde2f857d2b378cf\"},\"articleSection\":[\"covid19\"],\"inLanguage\":\"fr-FR\"},{\"@type\":\"WebPage\",\"@id\":\"https:\/\/covid19-a-savoir.net\/index.php\/2021\/08\/01\/le-complot-de-la-5g-et-des-vaccins\/\",\"url\":\"https:\/\/covid19-a-savoir.net\/index.php\/2021\/08\/01\/le-complot-de-la-5g-et-des-vaccins\/\",\"name\":\"le complot de la 5G et des vaccins - Actualit\u00e9s, , .... Apr\u00e8s la p\u00e9riode &quot;covid19&quot;\",\"isPartOf\":{\"@id\":\"https:\/\/covid19-a-savoir.net\/#website\"},\"datePublished\":\"2021-08-01T09:26:23+00:00\",\"dateModified\":\"2021-08-01T09:26:25+00:00\",\"breadcrumb\":{\"@id\":\"https:\/\/covid19-a-savoir.net\/index.php\/2021\/08\/01\/le-complot-de-la-5g-et-des-vaccins\/#breadcrumb\"},\"inLanguage\":\"fr-FR\",\"potentialAction\":[{\"@type\":\"ReadAction\",\"target\":[\"https:\/\/covid19-a-savoir.net\/index.php\/2021\/08\/01\/le-complot-de-la-5g-et-des-vaccins\/\"]}]},{\"@type\":\"BreadcrumbList\",\"@id\":\"https:\/\/covid19-a-savoir.net\/index.php\/2021\/08\/01\/le-complot-de-la-5g-et-des-vaccins\/#breadcrumb\",\"itemListElement\":[{\"@type\":\"ListItem\",\"position\":1,\"name\":\"Accueil\",\"item\":\"https:\/\/covid19-a-savoir.net\/\"},{\"@type\":\"ListItem\",\"position\":2,\"name\":\"le complot de la 5G et des vaccins\"}]},{\"@type\":\"WebSite\",\"@id\":\"https:\/\/covid19-a-savoir.net\/#website\",\"url\":\"https:\/\/covid19-a-savoir.net\/\",\"name\":\"Actualit\u00e9s, , .... Apr\u00e8s la p\u00e9riode &quot;covid19&quot;\",\"description\":\"DES V\u00c9RIT\u00c9S QUI D\u00c9RANGENT\",\"publisher\":{\"@id\":\"https:\/\/covid19-a-savoir.net\/#\/schema\/person\/53265987e4424cc7dde2f857d2b378cf\"},\"potentialAction\":[{\"@type\":\"SearchAction\",\"target\":{\"@type\":\"EntryPoint\",\"urlTemplate\":\"https:\/\/covid19-a-savoir.net\/?s={search_term_string}\"},\"query-input\":\"required name=search_term_string\"}],\"inLanguage\":\"fr-FR\"},{\"@type\":[\"Person\",\"Organization\"],\"@id\":\"https:\/\/covid19-a-savoir.net\/#\/schema\/person\/53265987e4424cc7dde2f857d2b378cf\",\"name\":\"GS\",\"image\":{\"@type\":\"ImageObject\",\"inLanguage\":\"fr-FR\",\"@id\":\"https:\/\/covid19-a-savoir.net\/#\/schema\/person\/image\/\",\"url\":\"https:\/\/covid19-a-savoir.net\/wp-content\/uploads\/2022\/07\/dans-ce-monde-312x312-1.png\",\"contentUrl\":\"https:\/\/covid19-a-savoir.net\/wp-content\/uploads\/2022\/07\/dans-ce-monde-312x312-1.png\",\"width\":312,\"height\":312,\"caption\":\"GS\"},\"logo\":{\"@id\":\"https:\/\/covid19-a-savoir.net\/#\/schema\/person\/image\/\"},\"sameAs\":[\"http:\/\/covid19-a-savoir.net\"],\"url\":\"https:\/\/covid19-a-savoir.net\/index.php\/author\/guido-saverio-sgmail-com\/\"}]}<\/script>\n<!-- \/ Yoast SEO plugin. -->","yoast_head_json":{"title":"le complot de la 5G et des vaccins - Actualit\u00e9s, , .... Apr\u00e8s la p\u00e9riode &quot;covid19&quot;","robots":{"index":"index","follow":"follow","max-snippet":"max-snippet:-1","max-image-preview":"max-image-preview:large","max-video-preview":"max-video-preview:-1"},"canonical":"https:\/\/covid19-a-savoir.net\/index.php\/2021\/08\/01\/le-complot-de-la-5g-et-des-vaccins\/","og_locale":"fr_FR","og_type":"article","og_title":"le complot de la 5G et des vaccins - Actualit\u00e9s, , .... Apr\u00e8s la p\u00e9riode &quot;covid19&quot;","og_description":"Thierry Casasnovas et son ami Christian Tal Schaller ont d\u00e9voil\u00e9 un complot mondial destin\u00e9 \u00e0 contr\u00f4ler et \u00e0 \u00e9liminer l\u2019humanit\u00e9.... Read morele complot de la 5G et des vaccins","og_url":"https:\/\/covid19-a-savoir.net\/index.php\/2021\/08\/01\/le-complot-de-la-5g-et-des-vaccins\/","og_site_name":"Actualit\u00e9s, , .... Apr\u00e8s la p\u00e9riode &quot;covid19&quot;","article_published_time":"2021-08-01T09:26:23+00:00","article_modified_time":"2021-08-01T09:26:25+00:00","author":"GS","twitter_card":"summary_large_image","twitter_misc":{"\u00c9crit par":"GS","Dur\u00e9e de lecture estim\u00e9e":"1 minute"},"schema":{"@context":"https:\/\/schema.org","@graph":[{"@type":"Article","@id":"https:\/\/covid19-a-savoir.net\/index.php\/2021\/08\/01\/le-complot-de-la-5g-et-des-vaccins\/#article","isPartOf":{"@id":"https:\/\/covid19-a-savoir.net\/index.php\/2021\/08\/01\/le-complot-de-la-5g-et-des-vaccins\/"},"author":{"name":"GS","@id":"https:\/\/covid19-a-savoir.net\/#\/schema\/person\/53265987e4424cc7dde2f857d2b378cf"},"headline":"le complot de la 5G et des vaccins","datePublished":"2021-08-01T09:26:23+00:00","dateModified":"2021-08-01T09:26:25+00:00","mainEntityOfPage":{"@id":"https:\/\/covid19-a-savoir.net\/index.php\/2021\/08\/01\/le-complot-de-la-5g-et-des-vaccins\/"},"wordCount":133,"publisher":{"@id":"https:\/\/covid19-a-savoir.net\/#\/schema\/person\/53265987e4424cc7dde2f857d2b378cf"},"articleSection":["covid19"],"inLanguage":"fr-FR"},{"@type":"WebPage","@id":"https:\/\/covid19-a-savoir.net\/index.php\/2021\/08\/01\/le-complot-de-la-5g-et-des-vaccins\/","url":"https:\/\/covid19-a-savoir.net\/index.php\/2021\/08\/01\/le-complot-de-la-5g-et-des-vaccins\/","name":"le complot de la 5G et des vaccins - Actualit\u00e9s, , .... Apr\u00e8s la p\u00e9riode &quot;covid19&quot;","isPartOf":{"@id":"https:\/\/covid19-a-savoir.net\/#website"},"datePublished":"2021-08-01T09:26:23+00:00","dateModified":"2021-08-01T09:26:25+00:00","breadcrumb":{"@id":"https:\/\/covid19-a-savoir.net\/index.php\/2021\/08\/01\/le-complot-de-la-5g-et-des-vaccins\/#breadcrumb"},"inLanguage":"fr-FR","potentialAction":[{"@type":"ReadAction","target":["https:\/\/covid19-a-savoir.net\/index.php\/2021\/08\/01\/le-complot-de-la-5g-et-des-vaccins\/"]}]},{"@type":"BreadcrumbList","@id":"https:\/\/covid19-a-savoir.net\/index.php\/2021\/08\/01\/le-complot-de-la-5g-et-des-vaccins\/#breadcrumb","itemListElement":[{"@type":"ListItem","position":1,"name":"Accueil","item":"https:\/\/covid19-a-savoir.net\/"},{"@type":"ListItem","position":2,"name":"le complot de la 5G et des vaccins"}]},{"@type":"WebSite","@id":"https:\/\/covid19-a-savoir.net\/#website","url":"https:\/\/covid19-a-savoir.net\/","name":"Actualit\u00e9s, , .... Apr\u00e8s la p\u00e9riode &quot;covid19&quot;","description":"DES V\u00c9RIT\u00c9S QUI D\u00c9RANGENT","publisher":{"@id":"https:\/\/covid19-a-savoir.net\/#\/schema\/person\/53265987e4424cc7dde2f857d2b378cf"},"potentialAction":[{"@type":"SearchAction","target":{"@type":"EntryPoint","urlTemplate":"https:\/\/covid19-a-savoir.net\/?s={search_term_string}"},"query-input":"required name=search_term_string"}],"inLanguage":"fr-FR"},{"@type":["Person","Organization"],"@id":"https:\/\/covid19-a-savoir.net\/#\/schema\/person\/53265987e4424cc7dde2f857d2b378cf","name":"GS","image":{"@type":"ImageObject","inLanguage":"fr-FR","@id":"https:\/\/covid19-a-savoir.net\/#\/schema\/person\/image\/","url":"https:\/\/covid19-a-savoir.net\/wp-content\/uploads\/2022\/07\/dans-ce-monde-312x312-1.png","contentUrl":"https:\/\/covid19-a-savoir.net\/wp-content\/uploads\/2022\/07\/dans-ce-monde-312x312-1.png","width":312,"height":312,"caption":"GS"},"logo":{"@id":"https:\/\/covid19-a-savoir.net\/#\/schema\/person\/image\/"},"sameAs":["http:\/\/covid19-a-savoir.net"],"url":"https:\/\/covid19-a-savoir.net\/index.php\/author\/guido-saverio-sgmail-com\/"}]}},"jetpack_sharing_enabled":true,"jetpack_featured_media_url":"","_links":{"self":[{"href":"https:\/\/covid19-a-savoir.net\/index.php\/wp-json\/wp\/v2\/posts\/516"}],"collection":[{"href":"https:\/\/covid19-a-savoir.net\/index.php\/wp-json\/wp\/v2\/posts"}],"about":[{"href":"https:\/\/covid19-a-savoir.net\/index.php\/wp-json\/wp\/v2\/types\/post"}],"author":[{"embeddable":true,"href":"https:\/\/covid19-a-savoir.net\/index.php\/wp-json\/wp\/v2\/users\/1"}],"replies":[{"embeddable":true,"href":"https:\/\/covid19-a-savoir.net\/index.php\/wp-json\/wp\/v2\/comments?post=516"}],"version-history":[{"count":1,"href":"https:\/\/covid19-a-savoir.net\/index.php\/wp-json\/wp\/v2\/posts\/516\/revisions"}],"predecessor-version":[{"id":517,"href":"https:\/\/covid19-a-savoir.net\/index.php\/wp-json\/wp\/v2\/posts\/516\/revisions\/517"}],"wp:attachment":[{"href":"https:\/\/covid19-a-savoir.net\/index.php\/wp-json\/wp\/v2\/media?parent=516"}],"wp:term":[{"taxonomy":"category","embeddable":true,"href":"https:\/\/covid19-a-savoir.net\/index.php\/wp-json\/wp\/v2\/categories?post=516"},{"taxonomy":"post_tag","embeddable":true,"href":"https:\/\/covid19-a-savoir.net\/index.php\/wp-json\/wp\/v2\/tags?post=516"}],"curies":[{"name":"wp","href":"https:\/\/api.w.org\/{rel}","templated":true}]}}