{"id":339,"date":"2021-03-20T18:26:52","date_gmt":"2021-03-20T18:26:52","guid":{"rendered":"https:\/\/covid19-a-savoir.net\/?p=339"},"modified":"2021-03-20T18:26:53","modified_gmt":"2021-03-20T18:26:53","slug":"covid-19-le-vaccin-ne-va-pas-nous-sauver-tout-de-suite-voici-pourquoi","status":"publish","type":"post","link":"https:\/\/covid19-a-savoir.net\/index.php\/2021\/03\/20\/covid-19-le-vaccin-ne-va-pas-nous-sauver-tout-de-suite-voici-pourquoi\/","title":{"rendered":"Covid-19 : le vaccin ne va pas nous sauver tout de suite, voici pourquoi"},"content":{"rendered":"<div id=\"dslc-theme-content\"><div id=\"dslc-theme-content-inner\">\n<figure class=\"wp-block-embed is-type-video is-provider-youtube wp-block-embed-youtube wp-embed-aspect-16-9 wp-has-aspect-ratio\"><div class=\"wp-block-embed__wrapper\">\n<iframe title=\"Covid-19 : le vaccin ne va pas nous sauver tout de suite, voici pourquoi\" width=\"800\" height=\"450\" src=\"https:\/\/www.youtube.com\/embed\/bjFtFMilb34?feature=oembed\" frameborder=\"0\" allow=\"accelerometer; autoplay; clipboard-write; encrypted-media; gyroscope; picture-in-picture\" allowfullscreen><\/iframe>\n<\/div><\/figure>\n\n\n\n<p>Pfizer, Moderna, AstraZeneca\u2026 les vaccins de ces laboratoires vont-ils assurer une immunit\u00e9 globale suffisante pour arr\u00eater la transmission du coronavirus ? Chacun d\u2019entre eux affiche en tout cas des taux d\u2019efficacit\u00e9 prometteurs oscillant entre 70 % et 95 %. Et en l\u2019absence de traitement contre la maladie, la vaccination qui d\u00e9bute dimanche 27 d\u00e9cembre en France constitue un espoir important. Il reste n\u00e9anmoins de nombreux param\u00e8tres \u00e0 prendre en compte pour \u00e9valuer l\u2019impact qu\u2019ils auront dans les mois qui viennent. Leur efficacit\u00e9 dans la vie r\u00e9elle sera-t-elle \u00e0 la hauteur de celle mesur\u00e9e lors des essais cliniques ? Assureront-ils une immunit\u00e9 suffisamment longue ? Combien faudra-t-il vacciner de personnes pour freiner l\u2019\u00e9pid\u00e9mie ? Ces incertitudes n\u00e9cessitent de r\u00e9fl\u00e9chir \u00e0 des campagnes de vaccinations pertinentes pour mieux d\u00e9terminer qui il faut vacciner en priorit\u00e9 et \u00e0 quel rythme. L\u2019espoir \u00e9tant de revenir un jour \u00e0 une \u00ab vie normale \u00bb.<\/p>\n<\/div><\/div>","protected":false},"excerpt":{"rendered":"<p>Pfizer, Moderna, AstraZeneca\u2026 les vaccins de ces laboratoires vont-ils assurer une immunit\u00e9 globale suffisante pour arr\u00eater la transmission du coronavirus&#8230; <a href=\"https:\/\/covid19-a-savoir.net\/index.php\/2021\/03\/20\/covid-19-le-vaccin-ne-va-pas-nous-sauver-tout-de-suite-voici-pourquoi\/\" class=\"readmore\">Read more<span class=\"screen-reader-text\">Covid-19 : le vaccin ne va pas nous sauver tout de suite, voici pourquoi<\/span><span class=\"fa fa-angle-double-right\" aria-hidden=\"true\"><\/span><\/a><\/p>\n","protected":false},"author":1,"featured_media":0,"comment_status":"closed","ping_status":"open","sticky":false,"template":"","format":"standard","meta":{"_jetpack_memberships_contains_paid_content":false,"footnotes":""},"categories":[1],"tags":[],"yoast_head":"<!-- This site is optimized with the Yoast SEO plugin v23.2 - https:\/\/yoast.com\/wordpress\/plugins\/seo\/ -->\n<title>Covid-19 : le vaccin ne va pas nous sauver tout de suite, voici pourquoi - Actualit\u00e9s, , .... Apr\u00e8s la p\u00e9riode &quot;covid19&quot;<\/title>\n<meta name=\"robots\" content=\"index, follow, max-snippet:-1, max-image-preview:large, max-video-preview:-1\" \/>\n<link rel=\"canonical\" href=\"https:\/\/covid19-a-savoir.net\/index.php\/2021\/03\/20\/covid-19-le-vaccin-ne-va-pas-nous-sauver-tout-de-suite-voici-pourquoi\/\" \/>\n<meta property=\"og:locale\" content=\"fr_FR\" \/>\n<meta property=\"og:type\" content=\"article\" \/>\n<meta property=\"og:title\" content=\"Covid-19 : le vaccin ne va pas nous sauver tout de suite, voici pourquoi - Actualit\u00e9s, , .... Apr\u00e8s la p\u00e9riode &quot;covid19&quot;\" \/>\n<meta property=\"og:description\" content=\"Pfizer, Moderna, AstraZeneca\u2026 les vaccins de ces laboratoires vont-ils assurer une immunit\u00e9 globale suffisante pour arr\u00eater la transmission du coronavirus... Read moreCovid-19 : le vaccin ne va pas nous sauver tout de suite, voici pourquoi\" \/>\n<meta property=\"og:url\" content=\"https:\/\/covid19-a-savoir.net\/index.php\/2021\/03\/20\/covid-19-le-vaccin-ne-va-pas-nous-sauver-tout-de-suite-voici-pourquoi\/\" \/>\n<meta property=\"og:site_name\" content=\"Actualit\u00e9s, , .... Apr\u00e8s la p\u00e9riode &quot;covid19&quot;\" \/>\n<meta property=\"article:published_time\" content=\"2021-03-20T18:26:52+00:00\" \/>\n<meta property=\"article:modified_time\" content=\"2021-03-20T18:26:53+00:00\" \/>\n<meta name=\"author\" content=\"GS\" \/>\n<meta name=\"twitter:card\" content=\"summary_large_image\" \/>\n<meta name=\"twitter:label1\" content=\"\u00c9crit par\" \/>\n\t<meta name=\"twitter:data1\" content=\"GS\" \/>\n\t<meta name=\"twitter:label2\" content=\"Dur\u00e9e de lecture estim\u00e9e\" \/>\n\t<meta name=\"twitter:data2\" content=\"1 minute\" \/>\n<script type=\"application\/ld+json\" class=\"yoast-schema-graph\">{\"@context\":\"https:\/\/schema.org\",\"@graph\":[{\"@type\":\"Article\",\"@id\":\"https:\/\/covid19-a-savoir.net\/index.php\/2021\/03\/20\/covid-19-le-vaccin-ne-va-pas-nous-sauver-tout-de-suite-voici-pourquoi\/#article\",\"isPartOf\":{\"@id\":\"https:\/\/covid19-a-savoir.net\/index.php\/2021\/03\/20\/covid-19-le-vaccin-ne-va-pas-nous-sauver-tout-de-suite-voici-pourquoi\/\"},\"author\":{\"name\":\"GS\",\"@id\":\"https:\/\/covid19-a-savoir.net\/#\/schema\/person\/53265987e4424cc7dde2f857d2b378cf\"},\"headline\":\"Covid-19 : le vaccin ne va pas nous sauver tout de suite, voici pourquoi\",\"datePublished\":\"2021-03-20T18:26:52+00:00\",\"dateModified\":\"2021-03-20T18:26:53+00:00\",\"mainEntityOfPage\":{\"@id\":\"https:\/\/covid19-a-savoir.net\/index.php\/2021\/03\/20\/covid-19-le-vaccin-ne-va-pas-nous-sauver-tout-de-suite-voici-pourquoi\/\"},\"wordCount\":169,\"publisher\":{\"@id\":\"https:\/\/covid19-a-savoir.net\/#\/schema\/person\/53265987e4424cc7dde2f857d2b378cf\"},\"articleSection\":[\"covid19\"],\"inLanguage\":\"fr-FR\"},{\"@type\":\"WebPage\",\"@id\":\"https:\/\/covid19-a-savoir.net\/index.php\/2021\/03\/20\/covid-19-le-vaccin-ne-va-pas-nous-sauver-tout-de-suite-voici-pourquoi\/\",\"url\":\"https:\/\/covid19-a-savoir.net\/index.php\/2021\/03\/20\/covid-19-le-vaccin-ne-va-pas-nous-sauver-tout-de-suite-voici-pourquoi\/\",\"name\":\"Covid-19 : le vaccin ne va pas nous sauver tout de suite, voici pourquoi - Actualit\u00e9s, , .... Apr\u00e8s la p\u00e9riode &quot;covid19&quot;\",\"isPartOf\":{\"@id\":\"https:\/\/covid19-a-savoir.net\/#website\"},\"datePublished\":\"2021-03-20T18:26:52+00:00\",\"dateModified\":\"2021-03-20T18:26:53+00:00\",\"breadcrumb\":{\"@id\":\"https:\/\/covid19-a-savoir.net\/index.php\/2021\/03\/20\/covid-19-le-vaccin-ne-va-pas-nous-sauver-tout-de-suite-voici-pourquoi\/#breadcrumb\"},\"inLanguage\":\"fr-FR\",\"potentialAction\":[{\"@type\":\"ReadAction\",\"target\":[\"https:\/\/covid19-a-savoir.net\/index.php\/2021\/03\/20\/covid-19-le-vaccin-ne-va-pas-nous-sauver-tout-de-suite-voici-pourquoi\/\"]}]},{\"@type\":\"BreadcrumbList\",\"@id\":\"https:\/\/covid19-a-savoir.net\/index.php\/2021\/03\/20\/covid-19-le-vaccin-ne-va-pas-nous-sauver-tout-de-suite-voici-pourquoi\/#breadcrumb\",\"itemListElement\":[{\"@type\":\"ListItem\",\"position\":1,\"name\":\"Accueil\",\"item\":\"https:\/\/covid19-a-savoir.net\/\"},{\"@type\":\"ListItem\",\"position\":2,\"name\":\"Covid-19 : le vaccin ne va pas nous sauver tout de suite, voici pourquoi\"}]},{\"@type\":\"WebSite\",\"@id\":\"https:\/\/covid19-a-savoir.net\/#website\",\"url\":\"https:\/\/covid19-a-savoir.net\/\",\"name\":\"Actualit\u00e9s, , .... Apr\u00e8s la p\u00e9riode &quot;covid19&quot;\",\"description\":\"DES V\u00c9RIT\u00c9S QUI D\u00c9RANGENT\",\"publisher\":{\"@id\":\"https:\/\/covid19-a-savoir.net\/#\/schema\/person\/53265987e4424cc7dde2f857d2b378cf\"},\"potentialAction\":[{\"@type\":\"SearchAction\",\"target\":{\"@type\":\"EntryPoint\",\"urlTemplate\":\"https:\/\/covid19-a-savoir.net\/?s={search_term_string}\"},\"query-input\":\"required name=search_term_string\"}],\"inLanguage\":\"fr-FR\"},{\"@type\":[\"Person\",\"Organization\"],\"@id\":\"https:\/\/covid19-a-savoir.net\/#\/schema\/person\/53265987e4424cc7dde2f857d2b378cf\",\"name\":\"GS\",\"image\":{\"@type\":\"ImageObject\",\"inLanguage\":\"fr-FR\",\"@id\":\"https:\/\/covid19-a-savoir.net\/#\/schema\/person\/image\/\",\"url\":\"https:\/\/covid19-a-savoir.net\/wp-content\/uploads\/2022\/07\/dans-ce-monde-312x312-1.png\",\"contentUrl\":\"https:\/\/covid19-a-savoir.net\/wp-content\/uploads\/2022\/07\/dans-ce-monde-312x312-1.png\",\"width\":312,\"height\":312,\"caption\":\"GS\"},\"logo\":{\"@id\":\"https:\/\/covid19-a-savoir.net\/#\/schema\/person\/image\/\"},\"sameAs\":[\"http:\/\/covid19-a-savoir.net\"],\"url\":\"https:\/\/covid19-a-savoir.net\/index.php\/author\/guido-saverio-sgmail-com\/\"}]}<\/script>\n<!-- \/ Yoast SEO plugin. -->","yoast_head_json":{"title":"Covid-19 : le vaccin ne va pas nous sauver tout de suite, voici pourquoi - Actualit\u00e9s, , .... Apr\u00e8s la p\u00e9riode &quot;covid19&quot;","robots":{"index":"index","follow":"follow","max-snippet":"max-snippet:-1","max-image-preview":"max-image-preview:large","max-video-preview":"max-video-preview:-1"},"canonical":"https:\/\/covid19-a-savoir.net\/index.php\/2021\/03\/20\/covid-19-le-vaccin-ne-va-pas-nous-sauver-tout-de-suite-voici-pourquoi\/","og_locale":"fr_FR","og_type":"article","og_title":"Covid-19 : le vaccin ne va pas nous sauver tout de suite, voici pourquoi - Actualit\u00e9s, , .... Apr\u00e8s la p\u00e9riode &quot;covid19&quot;","og_description":"Pfizer, Moderna, AstraZeneca\u2026 les vaccins de ces laboratoires vont-ils assurer une immunit\u00e9 globale suffisante pour arr\u00eater la transmission du coronavirus... Read moreCovid-19 : le vaccin ne va pas nous sauver tout de suite, voici pourquoi","og_url":"https:\/\/covid19-a-savoir.net\/index.php\/2021\/03\/20\/covid-19-le-vaccin-ne-va-pas-nous-sauver-tout-de-suite-voici-pourquoi\/","og_site_name":"Actualit\u00e9s, , .... Apr\u00e8s la p\u00e9riode &quot;covid19&quot;","article_published_time":"2021-03-20T18:26:52+00:00","article_modified_time":"2021-03-20T18:26:53+00:00","author":"GS","twitter_card":"summary_large_image","twitter_misc":{"\u00c9crit par":"GS","Dur\u00e9e de lecture estim\u00e9e":"1 minute"},"schema":{"@context":"https:\/\/schema.org","@graph":[{"@type":"Article","@id":"https:\/\/covid19-a-savoir.net\/index.php\/2021\/03\/20\/covid-19-le-vaccin-ne-va-pas-nous-sauver-tout-de-suite-voici-pourquoi\/#article","isPartOf":{"@id":"https:\/\/covid19-a-savoir.net\/index.php\/2021\/03\/20\/covid-19-le-vaccin-ne-va-pas-nous-sauver-tout-de-suite-voici-pourquoi\/"},"author":{"name":"GS","@id":"https:\/\/covid19-a-savoir.net\/#\/schema\/person\/53265987e4424cc7dde2f857d2b378cf"},"headline":"Covid-19 : le vaccin ne va pas nous sauver tout de suite, voici pourquoi","datePublished":"2021-03-20T18:26:52+00:00","dateModified":"2021-03-20T18:26:53+00:00","mainEntityOfPage":{"@id":"https:\/\/covid19-a-savoir.net\/index.php\/2021\/03\/20\/covid-19-le-vaccin-ne-va-pas-nous-sauver-tout-de-suite-voici-pourquoi\/"},"wordCount":169,"publisher":{"@id":"https:\/\/covid19-a-savoir.net\/#\/schema\/person\/53265987e4424cc7dde2f857d2b378cf"},"articleSection":["covid19"],"inLanguage":"fr-FR"},{"@type":"WebPage","@id":"https:\/\/covid19-a-savoir.net\/index.php\/2021\/03\/20\/covid-19-le-vaccin-ne-va-pas-nous-sauver-tout-de-suite-voici-pourquoi\/","url":"https:\/\/covid19-a-savoir.net\/index.php\/2021\/03\/20\/covid-19-le-vaccin-ne-va-pas-nous-sauver-tout-de-suite-voici-pourquoi\/","name":"Covid-19 : le vaccin ne va pas nous sauver tout de suite, voici pourquoi - Actualit\u00e9s, , .... Apr\u00e8s la p\u00e9riode &quot;covid19&quot;","isPartOf":{"@id":"https:\/\/covid19-a-savoir.net\/#website"},"datePublished":"2021-03-20T18:26:52+00:00","dateModified":"2021-03-20T18:26:53+00:00","breadcrumb":{"@id":"https:\/\/covid19-a-savoir.net\/index.php\/2021\/03\/20\/covid-19-le-vaccin-ne-va-pas-nous-sauver-tout-de-suite-voici-pourquoi\/#breadcrumb"},"inLanguage":"fr-FR","potentialAction":[{"@type":"ReadAction","target":["https:\/\/covid19-a-savoir.net\/index.php\/2021\/03\/20\/covid-19-le-vaccin-ne-va-pas-nous-sauver-tout-de-suite-voici-pourquoi\/"]}]},{"@type":"BreadcrumbList","@id":"https:\/\/covid19-a-savoir.net\/index.php\/2021\/03\/20\/covid-19-le-vaccin-ne-va-pas-nous-sauver-tout-de-suite-voici-pourquoi\/#breadcrumb","itemListElement":[{"@type":"ListItem","position":1,"name":"Accueil","item":"https:\/\/covid19-a-savoir.net\/"},{"@type":"ListItem","position":2,"name":"Covid-19 : le vaccin ne va pas nous sauver tout de suite, voici pourquoi"}]},{"@type":"WebSite","@id":"https:\/\/covid19-a-savoir.net\/#website","url":"https:\/\/covid19-a-savoir.net\/","name":"Actualit\u00e9s, , .... Apr\u00e8s la p\u00e9riode &quot;covid19&quot;","description":"DES V\u00c9RIT\u00c9S QUI D\u00c9RANGENT","publisher":{"@id":"https:\/\/covid19-a-savoir.net\/#\/schema\/person\/53265987e4424cc7dde2f857d2b378cf"},"potentialAction":[{"@type":"SearchAction","target":{"@type":"EntryPoint","urlTemplate":"https:\/\/covid19-a-savoir.net\/?s={search_term_string}"},"query-input":"required name=search_term_string"}],"inLanguage":"fr-FR"},{"@type":["Person","Organization"],"@id":"https:\/\/covid19-a-savoir.net\/#\/schema\/person\/53265987e4424cc7dde2f857d2b378cf","name":"GS","image":{"@type":"ImageObject","inLanguage":"fr-FR","@id":"https:\/\/covid19-a-savoir.net\/#\/schema\/person\/image\/","url":"https:\/\/covid19-a-savoir.net\/wp-content\/uploads\/2022\/07\/dans-ce-monde-312x312-1.png","contentUrl":"https:\/\/covid19-a-savoir.net\/wp-content\/uploads\/2022\/07\/dans-ce-monde-312x312-1.png","width":312,"height":312,"caption":"GS"},"logo":{"@id":"https:\/\/covid19-a-savoir.net\/#\/schema\/person\/image\/"},"sameAs":["http:\/\/covid19-a-savoir.net"],"url":"https:\/\/covid19-a-savoir.net\/index.php\/author\/guido-saverio-sgmail-com\/"}]}},"jetpack_sharing_enabled":true,"jetpack_featured_media_url":"","_links":{"self":[{"href":"https:\/\/covid19-a-savoir.net\/index.php\/wp-json\/wp\/v2\/posts\/339"}],"collection":[{"href":"https:\/\/covid19-a-savoir.net\/index.php\/wp-json\/wp\/v2\/posts"}],"about":[{"href":"https:\/\/covid19-a-savoir.net\/index.php\/wp-json\/wp\/v2\/types\/post"}],"author":[{"embeddable":true,"href":"https:\/\/covid19-a-savoir.net\/index.php\/wp-json\/wp\/v2\/users\/1"}],"replies":[{"embeddable":true,"href":"https:\/\/covid19-a-savoir.net\/index.php\/wp-json\/wp\/v2\/comments?post=339"}],"version-history":[{"count":1,"href":"https:\/\/covid19-a-savoir.net\/index.php\/wp-json\/wp\/v2\/posts\/339\/revisions"}],"predecessor-version":[{"id":340,"href":"https:\/\/covid19-a-savoir.net\/index.php\/wp-json\/wp\/v2\/posts\/339\/revisions\/340"}],"wp:attachment":[{"href":"https:\/\/covid19-a-savoir.net\/index.php\/wp-json\/wp\/v2\/media?parent=339"}],"wp:term":[{"taxonomy":"category","embeddable":true,"href":"https:\/\/covid19-a-savoir.net\/index.php\/wp-json\/wp\/v2\/categories?post=339"},{"taxonomy":"post_tag","embeddable":true,"href":"https:\/\/covid19-a-savoir.net\/index.php\/wp-json\/wp\/v2\/tags?post=339"}],"curies":[{"name":"wp","href":"https:\/\/api.w.org\/{rel}","templated":true}]}}