{"id":2816,"date":"2023-08-27T14:57:57","date_gmt":"2023-08-27T14:57:57","guid":{"rendered":"https:\/\/covid19-a-savoir.net\/?p=2816"},"modified":"2023-08-27T14:57:59","modified_gmt":"2023-08-27T14:57:59","slug":"comment-puis-je-gerer-les-moments-de-solitude-et-disolement","status":"publish","type":"post","link":"https:\/\/covid19-a-savoir.net\/index.php\/2023\/08\/27\/comment-puis-je-gerer-les-moments-de-solitude-et-disolement\/","title":{"rendered":"Comment puis-je g\u00e9rer les moments de solitude et d&rsquo;isolement ?"},"content":{"rendered":"<div id=\"dslc-theme-content\"><div id=\"dslc-theme-content-inner\">\n<p><strong>Question 1 : Pourquoi ressens-je de la solitude et de l&rsquo;isolement ?<\/strong> <strong>R\u00e9ponse :<\/strong> Il est naturel de ressentir de la solitude et de l&rsquo;isolement \u00e0 certains moments de la vie. Cela peut \u00eatre d\u00fb \u00e0 des changements dans les relations, des \u00e9v\u00e9nements stressants ou des transitions personnelles.<\/p>\n\n\n\n<p><strong>Solution rapide :<\/strong> Essayez de vous concentrer sur des activit\u00e9s que vous appr\u00e9ciez ou rejoignez des groupes sociaux pour rencontrer de nouvelles personnes.<\/p>\n\n\n\n<p><strong>Exemple :<\/strong> Apr\u00e8s avoir d\u00e9m\u00e9nag\u00e9 dans une nouvelle ville, il est normal de ressentir de la solitude. Pour combattre cela, rejoignez un club de loisirs ou participez \u00e0 des \u00e9v\u00e9nements locaux.<\/p>\n\n\n\n<p><strong>Astuce :<\/strong> Identifiez les activit\u00e9s qui vous procurent de la joie et qui vous permettent de rencontrer d&rsquo;autres personnes partageant les m\u00eames int\u00e9r\u00eats.<\/p>\n\n\n\n<p><strong>Affirmation positive :<\/strong> \u00ab\u00a0Je suis capable de cr\u00e9er des connexions significatives avec les autres et de surmonter la solitude.\u00a0\u00bb<\/p>\n\n\n\n<p><strong>M\u00e9taphore :<\/strong> La solitude est comme une nuit \u00e9toil\u00e9e &#8211; calme et tranquille, mais chaque \u00e9toile symbolise une possibilit\u00e9 de connexion avec quelqu&rsquo;un de sp\u00e9cial.<\/p>\n\n\n\n<p><strong>Citation positive :<\/strong> \u00ab\u00a0Dans la solitude, on trouve ce qui nous lie \u00e0 l&rsquo;univers.\u00a0\u00bb &#8211; Khalil Gibran<\/p>\n\n\n\n<hr class=\"wp-block-separator\"\/>\n\n\n\n<p><strong>Question 2 : Comment puis-je surmonter la peur d&rsquo;approcher les autres ?<\/strong> <strong>R\u00e9ponse :<\/strong> La peur d&rsquo;approcher les autres peut \u00eatre surmont\u00e9e en pratiquant des interactions sociales graduelles et en se rappelant que tout le monde ressent parfois cette peur.<\/p>\n\n\n\n<p><strong>Solution rapide :<\/strong> Commencez par des petits \u00e9changes, comme sourire ou dire bonjour \u00e0 un voisin, et \u00e9largissez progressivement vos interactions.<\/p>\n\n\n\n<p><strong>Exemple :<\/strong> Si vous \u00eates g\u00ean\u00e9 d&rsquo;approcher de nouvelles personnes lors d&rsquo;un \u00e9v\u00e9nement, commencez par poser des questions simples pour engager la conversation.<\/p>\n\n\n\n<p><strong>Astuce :<\/strong> Visualisez des sc\u00e9narios positifs o\u00f9 vous interagissez avec succ\u00e8s avec les autres.<\/p>\n\n\n\n<p><strong>Affirmation positive :<\/strong> \u00ab\u00a0Je suis courageux et capable d&rsquo;initier des conversations significatives avec les autres.\u00a0\u00bb<\/p>\n\n\n\n<p><strong>M\u00e9taphore :<\/strong> Aborder les autres est comme plonger dans une piscine &#8211; la premi\u00e8re immersion est rafra\u00eechissante une fois que vous l&rsquo;avez fait.<\/p>\n\n\n\n<p><strong>Citation positive :<\/strong> \u00ab\u00a0Le courage, c&rsquo;est d&rsquo;aller \u00e0 l&rsquo;id\u00e9e la plus effrayante qu&rsquo;on ait, \u00e0 un moment donn\u00e9.\u00a0\u00bb &#8211; Romain Rolland<\/p>\n\n\n\n<hr class=\"wp-block-separator\"\/>\n\n\n\n<p><strong>Question 3 : Comment puis-je rester connect\u00e9 avec ma famille malgr\u00e9 la distance ?<\/strong> <strong>R\u00e9ponse :<\/strong> Utilisez la technologie pour maintenir des conversations r\u00e9guli\u00e8res, planifiez des appels vid\u00e9o ou des visites lorsque c&rsquo;est possible.<\/p>\n\n\n\n<p><strong>Solution rapide :<\/strong> Organisez des appels vid\u00e9o hebdomadaires pour discuter avec votre famille et partager les moments importants de votre vie.<\/p>\n\n\n\n<p><strong>Exemple :<\/strong> Si vous vivez loin de votre famille, planifiez une soir\u00e9e de jeux en ligne avec eux pour rester connect\u00e9.<\/p>\n\n\n\n<p><strong>Astuce :<\/strong> \u00c9tablissez des traditions virtuelles, comme cuisiner la m\u00eame recette en m\u00eame temps et la d\u00e9guster ensemble \u00e0 distance.<\/p>\n\n\n\n<p><strong>Affirmation positive :<\/strong> \u00ab\u00a0La distance physique ne diminue pas l&rsquo;amour que je ressens pour ma famille.\u00a0\u00bb<\/p>\n\n\n\n<p><strong>M\u00e9taphore :<\/strong> La distance entre les membres de la famille est comme un fil t\u00e9nu, mais les liens d&rsquo;amour le maintiennent solide.<\/p>\n\n\n\n<p><strong>Citation positive :<\/strong> \u00ab\u00a0La famille n&rsquo;est pas seulement un lien de sang, mais un lien d&rsquo;amour et de respect.\u00a0\u00bb &#8211; Julius Lester<\/p>\n\n\n\n<hr class=\"wp-block-separator\"\/>\n\n\n\n<p><strong>Question 4 : Comment puis-je faire de nouvelles amiti\u00e9s ?<\/strong> <strong>R\u00e9ponse :<\/strong> Recherchez des activit\u00e9s ou des groupes qui vous int\u00e9ressent, ce qui facilitera les rencontres avec des personnes partageant les m\u00eames centres d&rsquo;int\u00e9r\u00eat.<\/p>\n\n\n\n<p><strong>Solution rapide :<\/strong> Inscrivez-vous \u00e0 des cours, des clubs ou des \u00e9v\u00e9nements sociaux pour rencontrer de nouvelles personnes.<\/p>\n\n\n\n<p><strong>Exemple :<\/strong> Si vous aimez la randonn\u00e9e, rejoignez un club de randonn\u00e9e local pour rencontrer d&rsquo;autres amateurs de plein air.<\/p>\n\n\n\n<p><strong>Astuce :<\/strong> Soyez ouvert et engageant lors des conversations, posez des questions sur les int\u00e9r\u00eats des autres.<\/p>\n\n\n\n<p><strong>Affirmation positive :<\/strong> \u00ab\u00a0Je suis un aimant social, attirant des amiti\u00e9s positives dans ma vie.\u00a0\u00bb<\/p>\n\n\n\n<p><strong>M\u00e9taphore :<\/strong> Faire de nouvelles amiti\u00e9s est comme cultiver un jardin, cela demande du temps et des soins, mais les fleurs de l&rsquo;amiti\u00e9 en valent la peine.<\/p>\n\n\n\n<p><strong>Citation positive :<\/strong> \u00ab\u00a0L&rsquo;amiti\u00e9 double les joies et r\u00e9duit de moiti\u00e9 les peines.\u00a0\u00bb &#8211; Francis Bacon<\/p>\n\n\n\n<hr class=\"wp-block-separator\"\/>\n\n\n\n<p><strong>Question 5 : Comment puis-je g\u00e9rer la solitude au travail ?<\/strong> <strong>R\u00e9ponse :<\/strong> Trouvez des moyens d&rsquo;interagir avec vos coll\u00e8gues, participez \u00e0 des activit\u00e9s de groupe ou proposez de travailler sur des projets collaboratifs.<\/p>\n\n\n\n<p><strong>Solution rapide :<\/strong> Prenez l&rsquo;initiative de d\u00e9jeuner avec des coll\u00e8gues ou participez aux \u00e9v\u00e9nements sociaux organis\u00e9s par l&rsquo;entreprise.<\/p>\n\n\n\n<p><strong>Exemple :<\/strong> Si vous travaillez \u00e0 distance, planifiez des appels r\u00e9guliers avec vos coll\u00e8gues pour discuter de projets et de sujets non professionnels.<\/p>\n\n\n\n<p><strong>Astuce :<\/strong> Identifiez les coll\u00e8gues avec lesquels vous partagez des int\u00e9r\u00eats communs et engagez des conversations sur ces sujets.<\/p>\n\n\n\n<p><strong>Affirmation positive :<\/strong> \u00ab\u00a0Mon lieu de travail est un endroit o\u00f9 je peux d\u00e9velopper des relations positives avec mes coll\u00e8gues.\u00a0\u00bb<\/p>\n\n\n\n<p><strong>M\u00e9taphore :<\/strong> L&rsquo;environnement de travail est comme un puzzle social. En interagissant avec chaque pi\u00e8ce (coll\u00e8gue), vous construisez une image plus compl\u00e8te.<\/p>\n\n\n\n<p><strong>Citation positive :<\/strong> \u00ab\u00a0L\u00e0 o\u00f9 il y a une \u00e9quipe, il y a de la force.\u00a0\u00bb &#8211; Mark Shields<\/p>\n<\/div><\/div>","protected":false},"excerpt":{"rendered":"<p>Question 1 : Pourquoi ressens-je de la solitude et de l&rsquo;isolement ? R\u00e9ponse : Il est naturel de ressentir de&#8230; <a href=\"https:\/\/covid19-a-savoir.net\/index.php\/2023\/08\/27\/comment-puis-je-gerer-les-moments-de-solitude-et-disolement\/\" class=\"readmore\">Read more<span class=\"screen-reader-text\">Comment puis-je g\u00e9rer les moments de solitude et d&rsquo;isolement ?<\/span><span class=\"fa fa-angle-double-right\" aria-hidden=\"true\"><\/span><\/a><\/p>\n","protected":false},"author":1,"featured_media":0,"comment_status":"closed","ping_status":"closed","sticky":false,"template":"","format":"standard","meta":{"_jetpack_memberships_contains_paid_content":false,"footnotes":""},"categories":[1],"tags":[],"yoast_head":"<!-- This site is optimized with the Yoast SEO plugin v23.2 - https:\/\/yoast.com\/wordpress\/plugins\/seo\/ -->\n<title>Comment puis-je g\u00e9rer les moments de solitude et d&#039;isolement ? - Actualit\u00e9s, , .... Apr\u00e8s la p\u00e9riode &quot;covid19&quot;<\/title>\n<meta name=\"robots\" content=\"index, follow, max-snippet:-1, max-image-preview:large, max-video-preview:-1\" \/>\n<link rel=\"canonical\" href=\"https:\/\/covid19-a-savoir.net\/index.php\/2023\/08\/27\/comment-puis-je-gerer-les-moments-de-solitude-et-disolement\/\" \/>\n<meta property=\"og:locale\" content=\"fr_FR\" \/>\n<meta property=\"og:type\" content=\"article\" \/>\n<meta property=\"og:title\" content=\"Comment puis-je g\u00e9rer les moments de solitude et d&#039;isolement ? - Actualit\u00e9s, , .... Apr\u00e8s la p\u00e9riode &quot;covid19&quot;\" \/>\n<meta property=\"og:description\" content=\"Question 1 : Pourquoi ressens-je de la solitude et de l&rsquo;isolement ? R\u00e9ponse : Il est naturel de ressentir de... Read moreComment puis-je g\u00e9rer les moments de solitude et d&rsquo;isolement ?\" \/>\n<meta property=\"og:url\" content=\"https:\/\/covid19-a-savoir.net\/index.php\/2023\/08\/27\/comment-puis-je-gerer-les-moments-de-solitude-et-disolement\/\" \/>\n<meta property=\"og:site_name\" content=\"Actualit\u00e9s, , .... Apr\u00e8s la p\u00e9riode &quot;covid19&quot;\" \/>\n<meta property=\"article:published_time\" content=\"2023-08-27T14:57:57+00:00\" \/>\n<meta property=\"article:modified_time\" content=\"2023-08-27T14:57:59+00:00\" \/>\n<meta name=\"author\" content=\"GS\" \/>\n<meta name=\"twitter:card\" content=\"summary_large_image\" \/>\n<meta name=\"twitter:label1\" content=\"\u00c9crit par\" \/>\n\t<meta name=\"twitter:data1\" content=\"GS\" \/>\n\t<meta name=\"twitter:label2\" content=\"Dur\u00e9e de lecture estim\u00e9e\" \/>\n\t<meta name=\"twitter:data2\" content=\"4 minutes\" \/>\n<script type=\"application\/ld+json\" class=\"yoast-schema-graph\">{\"@context\":\"https:\/\/schema.org\",\"@graph\":[{\"@type\":\"Article\",\"@id\":\"https:\/\/covid19-a-savoir.net\/index.php\/2023\/08\/27\/comment-puis-je-gerer-les-moments-de-solitude-et-disolement\/#article\",\"isPartOf\":{\"@id\":\"https:\/\/covid19-a-savoir.net\/index.php\/2023\/08\/27\/comment-puis-je-gerer-les-moments-de-solitude-et-disolement\/\"},\"author\":{\"name\":\"GS\",\"@id\":\"https:\/\/covid19-a-savoir.net\/#\/schema\/person\/53265987e4424cc7dde2f857d2b378cf\"},\"headline\":\"Comment puis-je g\u00e9rer les moments de solitude et d&rsquo;isolement ?\",\"datePublished\":\"2023-08-27T14:57:57+00:00\",\"dateModified\":\"2023-08-27T14:57:59+00:00\",\"mainEntityOfPage\":{\"@id\":\"https:\/\/covid19-a-savoir.net\/index.php\/2023\/08\/27\/comment-puis-je-gerer-les-moments-de-solitude-et-disolement\/\"},\"wordCount\":822,\"publisher\":{\"@id\":\"https:\/\/covid19-a-savoir.net\/#\/schema\/person\/53265987e4424cc7dde2f857d2b378cf\"},\"articleSection\":[\"covid19\"],\"inLanguage\":\"fr-FR\"},{\"@type\":\"WebPage\",\"@id\":\"https:\/\/covid19-a-savoir.net\/index.php\/2023\/08\/27\/comment-puis-je-gerer-les-moments-de-solitude-et-disolement\/\",\"url\":\"https:\/\/covid19-a-savoir.net\/index.php\/2023\/08\/27\/comment-puis-je-gerer-les-moments-de-solitude-et-disolement\/\",\"name\":\"Comment puis-je g\u00e9rer les moments de solitude et d'isolement ? - Actualit\u00e9s, , .... Apr\u00e8s la p\u00e9riode &quot;covid19&quot;\",\"isPartOf\":{\"@id\":\"https:\/\/covid19-a-savoir.net\/#website\"},\"datePublished\":\"2023-08-27T14:57:57+00:00\",\"dateModified\":\"2023-08-27T14:57:59+00:00\",\"breadcrumb\":{\"@id\":\"https:\/\/covid19-a-savoir.net\/index.php\/2023\/08\/27\/comment-puis-je-gerer-les-moments-de-solitude-et-disolement\/#breadcrumb\"},\"inLanguage\":\"fr-FR\",\"potentialAction\":[{\"@type\":\"ReadAction\",\"target\":[\"https:\/\/covid19-a-savoir.net\/index.php\/2023\/08\/27\/comment-puis-je-gerer-les-moments-de-solitude-et-disolement\/\"]}]},{\"@type\":\"BreadcrumbList\",\"@id\":\"https:\/\/covid19-a-savoir.net\/index.php\/2023\/08\/27\/comment-puis-je-gerer-les-moments-de-solitude-et-disolement\/#breadcrumb\",\"itemListElement\":[{\"@type\":\"ListItem\",\"position\":1,\"name\":\"Accueil\",\"item\":\"https:\/\/covid19-a-savoir.net\/\"},{\"@type\":\"ListItem\",\"position\":2,\"name\":\"Comment puis-je g\u00e9rer les moments de solitude et d&#8217;isolement ?\"}]},{\"@type\":\"WebSite\",\"@id\":\"https:\/\/covid19-a-savoir.net\/#website\",\"url\":\"https:\/\/covid19-a-savoir.net\/\",\"name\":\"Actualit\u00e9s, , .... Apr\u00e8s la p\u00e9riode &quot;covid19&quot;\",\"description\":\"DES V\u00c9RIT\u00c9S QUI D\u00c9RANGENT\",\"publisher\":{\"@id\":\"https:\/\/covid19-a-savoir.net\/#\/schema\/person\/53265987e4424cc7dde2f857d2b378cf\"},\"potentialAction\":[{\"@type\":\"SearchAction\",\"target\":{\"@type\":\"EntryPoint\",\"urlTemplate\":\"https:\/\/covid19-a-savoir.net\/?s={search_term_string}\"},\"query-input\":\"required name=search_term_string\"}],\"inLanguage\":\"fr-FR\"},{\"@type\":[\"Person\",\"Organization\"],\"@id\":\"https:\/\/covid19-a-savoir.net\/#\/schema\/person\/53265987e4424cc7dde2f857d2b378cf\",\"name\":\"GS\",\"image\":{\"@type\":\"ImageObject\",\"inLanguage\":\"fr-FR\",\"@id\":\"https:\/\/covid19-a-savoir.net\/#\/schema\/person\/image\/\",\"url\":\"https:\/\/covid19-a-savoir.net\/wp-content\/uploads\/2022\/07\/dans-ce-monde-312x312-1.png\",\"contentUrl\":\"https:\/\/covid19-a-savoir.net\/wp-content\/uploads\/2022\/07\/dans-ce-monde-312x312-1.png\",\"width\":312,\"height\":312,\"caption\":\"GS\"},\"logo\":{\"@id\":\"https:\/\/covid19-a-savoir.net\/#\/schema\/person\/image\/\"},\"sameAs\":[\"http:\/\/covid19-a-savoir.net\"],\"url\":\"https:\/\/covid19-a-savoir.net\/index.php\/author\/guido-saverio-sgmail-com\/\"}]}<\/script>\n<!-- \/ Yoast SEO plugin. -->","yoast_head_json":{"title":"Comment puis-je g\u00e9rer les moments de solitude et d'isolement ? - Actualit\u00e9s, , .... Apr\u00e8s la p\u00e9riode &quot;covid19&quot;","robots":{"index":"index","follow":"follow","max-snippet":"max-snippet:-1","max-image-preview":"max-image-preview:large","max-video-preview":"max-video-preview:-1"},"canonical":"https:\/\/covid19-a-savoir.net\/index.php\/2023\/08\/27\/comment-puis-je-gerer-les-moments-de-solitude-et-disolement\/","og_locale":"fr_FR","og_type":"article","og_title":"Comment puis-je g\u00e9rer les moments de solitude et d'isolement ? - Actualit\u00e9s, , .... Apr\u00e8s la p\u00e9riode &quot;covid19&quot;","og_description":"Question 1 : Pourquoi ressens-je de la solitude et de l&rsquo;isolement ? R\u00e9ponse : Il est naturel de ressentir de... Read moreComment puis-je g\u00e9rer les moments de solitude et d&rsquo;isolement ?","og_url":"https:\/\/covid19-a-savoir.net\/index.php\/2023\/08\/27\/comment-puis-je-gerer-les-moments-de-solitude-et-disolement\/","og_site_name":"Actualit\u00e9s, , .... Apr\u00e8s la p\u00e9riode &quot;covid19&quot;","article_published_time":"2023-08-27T14:57:57+00:00","article_modified_time":"2023-08-27T14:57:59+00:00","author":"GS","twitter_card":"summary_large_image","twitter_misc":{"\u00c9crit par":"GS","Dur\u00e9e de lecture estim\u00e9e":"4 minutes"},"schema":{"@context":"https:\/\/schema.org","@graph":[{"@type":"Article","@id":"https:\/\/covid19-a-savoir.net\/index.php\/2023\/08\/27\/comment-puis-je-gerer-les-moments-de-solitude-et-disolement\/#article","isPartOf":{"@id":"https:\/\/covid19-a-savoir.net\/index.php\/2023\/08\/27\/comment-puis-je-gerer-les-moments-de-solitude-et-disolement\/"},"author":{"name":"GS","@id":"https:\/\/covid19-a-savoir.net\/#\/schema\/person\/53265987e4424cc7dde2f857d2b378cf"},"headline":"Comment puis-je g\u00e9rer les moments de solitude et d&rsquo;isolement ?","datePublished":"2023-08-27T14:57:57+00:00","dateModified":"2023-08-27T14:57:59+00:00","mainEntityOfPage":{"@id":"https:\/\/covid19-a-savoir.net\/index.php\/2023\/08\/27\/comment-puis-je-gerer-les-moments-de-solitude-et-disolement\/"},"wordCount":822,"publisher":{"@id":"https:\/\/covid19-a-savoir.net\/#\/schema\/person\/53265987e4424cc7dde2f857d2b378cf"},"articleSection":["covid19"],"inLanguage":"fr-FR"},{"@type":"WebPage","@id":"https:\/\/covid19-a-savoir.net\/index.php\/2023\/08\/27\/comment-puis-je-gerer-les-moments-de-solitude-et-disolement\/","url":"https:\/\/covid19-a-savoir.net\/index.php\/2023\/08\/27\/comment-puis-je-gerer-les-moments-de-solitude-et-disolement\/","name":"Comment puis-je g\u00e9rer les moments de solitude et d'isolement ? - Actualit\u00e9s, , .... Apr\u00e8s la p\u00e9riode &quot;covid19&quot;","isPartOf":{"@id":"https:\/\/covid19-a-savoir.net\/#website"},"datePublished":"2023-08-27T14:57:57+00:00","dateModified":"2023-08-27T14:57:59+00:00","breadcrumb":{"@id":"https:\/\/covid19-a-savoir.net\/index.php\/2023\/08\/27\/comment-puis-je-gerer-les-moments-de-solitude-et-disolement\/#breadcrumb"},"inLanguage":"fr-FR","potentialAction":[{"@type":"ReadAction","target":["https:\/\/covid19-a-savoir.net\/index.php\/2023\/08\/27\/comment-puis-je-gerer-les-moments-de-solitude-et-disolement\/"]}]},{"@type":"BreadcrumbList","@id":"https:\/\/covid19-a-savoir.net\/index.php\/2023\/08\/27\/comment-puis-je-gerer-les-moments-de-solitude-et-disolement\/#breadcrumb","itemListElement":[{"@type":"ListItem","position":1,"name":"Accueil","item":"https:\/\/covid19-a-savoir.net\/"},{"@type":"ListItem","position":2,"name":"Comment puis-je g\u00e9rer les moments de solitude et d&#8217;isolement ?"}]},{"@type":"WebSite","@id":"https:\/\/covid19-a-savoir.net\/#website","url":"https:\/\/covid19-a-savoir.net\/","name":"Actualit\u00e9s, , .... Apr\u00e8s la p\u00e9riode &quot;covid19&quot;","description":"DES V\u00c9RIT\u00c9S QUI D\u00c9RANGENT","publisher":{"@id":"https:\/\/covid19-a-savoir.net\/#\/schema\/person\/53265987e4424cc7dde2f857d2b378cf"},"potentialAction":[{"@type":"SearchAction","target":{"@type":"EntryPoint","urlTemplate":"https:\/\/covid19-a-savoir.net\/?s={search_term_string}"},"query-input":"required name=search_term_string"}],"inLanguage":"fr-FR"},{"@type":["Person","Organization"],"@id":"https:\/\/covid19-a-savoir.net\/#\/schema\/person\/53265987e4424cc7dde2f857d2b378cf","name":"GS","image":{"@type":"ImageObject","inLanguage":"fr-FR","@id":"https:\/\/covid19-a-savoir.net\/#\/schema\/person\/image\/","url":"https:\/\/covid19-a-savoir.net\/wp-content\/uploads\/2022\/07\/dans-ce-monde-312x312-1.png","contentUrl":"https:\/\/covid19-a-savoir.net\/wp-content\/uploads\/2022\/07\/dans-ce-monde-312x312-1.png","width":312,"height":312,"caption":"GS"},"logo":{"@id":"https:\/\/covid19-a-savoir.net\/#\/schema\/person\/image\/"},"sameAs":["http:\/\/covid19-a-savoir.net"],"url":"https:\/\/covid19-a-savoir.net\/index.php\/author\/guido-saverio-sgmail-com\/"}]}},"jetpack_sharing_enabled":true,"jetpack_featured_media_url":"","_links":{"self":[{"href":"https:\/\/covid19-a-savoir.net\/index.php\/wp-json\/wp\/v2\/posts\/2816"}],"collection":[{"href":"https:\/\/covid19-a-savoir.net\/index.php\/wp-json\/wp\/v2\/posts"}],"about":[{"href":"https:\/\/covid19-a-savoir.net\/index.php\/wp-json\/wp\/v2\/types\/post"}],"author":[{"embeddable":true,"href":"https:\/\/covid19-a-savoir.net\/index.php\/wp-json\/wp\/v2\/users\/1"}],"replies":[{"embeddable":true,"href":"https:\/\/covid19-a-savoir.net\/index.php\/wp-json\/wp\/v2\/comments?post=2816"}],"version-history":[{"count":1,"href":"https:\/\/covid19-a-savoir.net\/index.php\/wp-json\/wp\/v2\/posts\/2816\/revisions"}],"predecessor-version":[{"id":2817,"href":"https:\/\/covid19-a-savoir.net\/index.php\/wp-json\/wp\/v2\/posts\/2816\/revisions\/2817"}],"wp:attachment":[{"href":"https:\/\/covid19-a-savoir.net\/index.php\/wp-json\/wp\/v2\/media?parent=2816"}],"wp:term":[{"taxonomy":"category","embeddable":true,"href":"https:\/\/covid19-a-savoir.net\/index.php\/wp-json\/wp\/v2\/categories?post=2816"},{"taxonomy":"post_tag","embeddable":true,"href":"https:\/\/covid19-a-savoir.net\/index.php\/wp-json\/wp\/v2\/tags?post=2816"}],"curies":[{"name":"wp","href":"https:\/\/api.w.org\/{rel}","templated":true}]}}