{"id":2814,"date":"2023-08-27T14:55:10","date_gmt":"2023-08-27T14:55:10","guid":{"rendered":"https:\/\/covid19-a-savoir.net\/?p=2814"},"modified":"2023-08-27T14:55:13","modified_gmt":"2023-08-27T14:55:13","slug":"comment-puis-je-gerer-le-rejet","status":"publish","type":"post","link":"https:\/\/covid19-a-savoir.net\/index.php\/2023\/08\/27\/comment-puis-je-gerer-le-rejet\/","title":{"rendered":"Comment puis-je g\u00e9rer le rejet ?"},"content":{"rendered":"<div id=\"dslc-theme-content\"><div id=\"dslc-theme-content-inner\">\n<p><strong>1. Question : Pourquoi ai-je \u00e9t\u00e9 rejet\u00e9 ?<\/strong> R\u00e9ponse : Le rejet peut d\u00e9couler de divers facteurs, souvent ind\u00e9pendants de votre valeur personnelle.<\/p>\n\n\n\n<p>Solution rapide : Rappelez-vous que le rejet n&rsquo;est pas une mesure de votre valeur.<\/p>\n\n\n\n<p>Astuce : Concentrez-vous sur vos r\u00e9ussites et vos qualit\u00e9s uniques.<\/p>\n\n\n\n<p>Affirmation positive : \u00ab\u00a0Mon potentiel est bien au-del\u00e0 d&rsquo;un simple rejet.\u00a0\u00bb<\/p>\n\n\n\n<p>M\u00e9taphore : \u00ab\u00a0Comme une perle rare, je brille m\u00eame lorsque je ne suis pas remarqu\u00e9.\u00a0\u00bb<\/p>\n\n\n\n<p>Citation positive : \u00ab\u00a0Chaque rejet est simplement une redirection vers quelque chose de meilleur.\u00a0\u00bb &#8211; Anonymous<\/p>\n\n\n\n<p><strong>2. Question : Comment puis-je surmonter la douleur du rejet ?<\/strong> R\u00e9ponse : Le temps, l&rsquo;acceptation et le soutien peuvent aider \u00e0 gu\u00e9rir.<\/p>\n\n\n\n<p>Solution rapide : Exprimez vos \u00e9motions de mani\u00e8re saine, comme par l&rsquo;\u00e9criture ou la m\u00e9ditation.<\/p>\n\n\n\n<p>Astuce : Investissez dans des activit\u00e9s qui vous apportent de la joie.<\/p>\n\n\n\n<p>Affirmation positive : \u00ab\u00a0Je gu\u00e9ris avec chaque jour qui passe.\u00a0\u00bb<\/p>\n\n\n\n<p>M\u00e9taphore : \u00ab\u00a0Comme un arbre en hiver, je retrouve ma force apr\u00e8s chaque temp\u00eate.\u00a0\u00bb<\/p>\n\n\n\n<p>Citation positive : \u00ab\u00a0Les \u00e9checs sont les piliers de la r\u00e9ussite.\u00a0\u00bb &#8211; Charles Dickens<\/p>\n\n\n\n<p><strong>3. Question : Comment puis-je faire face au rejet amoureux ?<\/strong> R\u00e9ponse : Le rejet amoureux est une exp\u00e9rience commune. Il ne refl\u00e8te pas votre valeur en tant que personne.<\/p>\n\n\n\n<p>Solution rapide : \u00c9loignez-vous des pens\u00e9es n\u00e9gatives en vous concentrant sur vous-m\u00eame.<\/p>\n\n\n\n<p>Astuce : Entourez-vous d&rsquo;amis et de passe-temps qui vous font vous sentir bien.<\/p>\n\n\n\n<p>Affirmation positive : \u00ab\u00a0Je m\u00e9rite un amour qui m&rsquo;accepte tel que je suis.\u00a0\u00bb<\/p>\n\n\n\n<p>M\u00e9taphore : \u00ab\u00a0L&rsquo;amour est comme une danse, et m\u00eame si j&rsquo;ai tr\u00e9buch\u00e9, je peux toujours retrouver mon rythme.\u00a0\u00bb<\/p>\n\n\n\n<p>Citation positive : \u00ab\u00a0Il vaut mieux avoir aim\u00e9 et perdu que de ne jamais avoir aim\u00e9 du tout.\u00a0\u00bb &#8211; Alfred Lord Tennyson<\/p>\n\n\n\n<p><strong>4. Question : Comment \u00e9viter de prendre le rejet personnellement ?<\/strong> R\u00e9ponse : Le rejet est souvent li\u00e9 \u00e0 des circonstances ext\u00e9rieures, pas \u00e0 vous-m\u00eame.<\/p>\n\n\n\n<p>Solution rapide : Remplacez les pens\u00e9es n\u00e9gatives par des pens\u00e9es positives sur vos comp\u00e9tences.<\/p>\n\n\n\n<p>Astuce : Cultivez l&#8217;empathie en imaginant la perspective de l&rsquo;autre personne.<\/p>\n\n\n\n<p>Affirmation positive : \u00ab\u00a0Je ne laisse pas le rejet d\u00e9finir qui je suis.\u00a0\u00bb<\/p>\n\n\n\n<p>M\u00e9taphore : \u00ab\u00a0Je suis comme un artiste, le rejet n&rsquo;est qu&rsquo;une critique parmi tant d&rsquo;autres.\u00a0\u00bb<\/p>\n\n\n\n<p>Citation positive : \u00ab\u00a0Le succ\u00e8s, c&rsquo;est d&rsquo;aller d&rsquo;\u00e9chec en \u00e9chec sans perdre son enthousiasme.\u00a0\u00bb &#8211; Winston Churchill<\/p>\n\n\n\n<p><strong>5. Question : Comment rebondir apr\u00e8s un refus professionnel ?<\/strong> R\u00e9ponse : Les refus professionnels sont fr\u00e9quents et ne refl\u00e8tent pas n\u00e9cessairement vos comp\u00e9tences.<\/p>\n\n\n\n<p>Solution rapide : Demandez des commentaires constructifs pour vous am\u00e9liorer.<\/p>\n\n\n\n<p>Astuce : Restez pers\u00e9v\u00e9rant et continuez \u00e0 chercher de nouvelles opportunit\u00e9s.<\/p>\n\n\n\n<p>Affirmation positive : \u00ab\u00a0Mon potentiel est recherch\u00e9, m\u00eame au-del\u00e0 de ce refus.\u00a0\u00bb<\/p>\n\n\n\n<p>M\u00e9taphore : \u00ab\u00a0Mon parcours professionnel est une toile, et chaque refus ajoute une touche de d\u00e9termination.\u00a0\u00bb<\/p>\n\n\n\n<p>Citation positive : \u00ab\u00a0La seule fa\u00e7on de faire du bon travail est d&rsquo;aimer ce que vous faites.\u00a0\u00bb &#8211; Steve Jobs<\/p>\n<\/div><\/div>","protected":false},"excerpt":{"rendered":"<p>1. Question : Pourquoi ai-je \u00e9t\u00e9 rejet\u00e9 ? R\u00e9ponse : Le rejet peut d\u00e9couler de divers facteurs, souvent ind\u00e9pendants de&#8230; <a href=\"https:\/\/covid19-a-savoir.net\/index.php\/2023\/08\/27\/comment-puis-je-gerer-le-rejet\/\" class=\"readmore\">Read more<span class=\"screen-reader-text\">Comment puis-je g\u00e9rer le rejet ?<\/span><span class=\"fa fa-angle-double-right\" aria-hidden=\"true\"><\/span><\/a><\/p>\n","protected":false},"author":1,"featured_media":0,"comment_status":"closed","ping_status":"closed","sticky":false,"template":"","format":"standard","meta":{"_jetpack_memberships_contains_paid_content":false,"footnotes":""},"categories":[1],"tags":[],"yoast_head":"<!-- This site is optimized with the Yoast SEO plugin v23.2 - https:\/\/yoast.com\/wordpress\/plugins\/seo\/ -->\n<title>Comment puis-je g\u00e9rer le rejet ? - Actualit\u00e9s, , .... Apr\u00e8s la p\u00e9riode &quot;covid19&quot;<\/title>\n<meta name=\"robots\" content=\"index, follow, max-snippet:-1, max-image-preview:large, max-video-preview:-1\" \/>\n<link rel=\"canonical\" href=\"https:\/\/covid19-a-savoir.net\/index.php\/2023\/08\/27\/comment-puis-je-gerer-le-rejet\/\" \/>\n<meta property=\"og:locale\" content=\"fr_FR\" \/>\n<meta property=\"og:type\" content=\"article\" \/>\n<meta property=\"og:title\" content=\"Comment puis-je g\u00e9rer le rejet ? - Actualit\u00e9s, , .... Apr\u00e8s la p\u00e9riode &quot;covid19&quot;\" \/>\n<meta property=\"og:description\" content=\"1. Question : Pourquoi ai-je \u00e9t\u00e9 rejet\u00e9 ? R\u00e9ponse : Le rejet peut d\u00e9couler de divers facteurs, souvent ind\u00e9pendants de... Read moreComment puis-je g\u00e9rer le rejet ?\" \/>\n<meta property=\"og:url\" content=\"https:\/\/covid19-a-savoir.net\/index.php\/2023\/08\/27\/comment-puis-je-gerer-le-rejet\/\" \/>\n<meta property=\"og:site_name\" content=\"Actualit\u00e9s, , .... Apr\u00e8s la p\u00e9riode &quot;covid19&quot;\" \/>\n<meta property=\"article:published_time\" content=\"2023-08-27T14:55:10+00:00\" \/>\n<meta property=\"article:modified_time\" content=\"2023-08-27T14:55:13+00:00\" \/>\n<meta name=\"author\" content=\"GS\" \/>\n<meta name=\"twitter:card\" content=\"summary_large_image\" \/>\n<meta name=\"twitter:label1\" content=\"\u00c9crit par\" \/>\n\t<meta name=\"twitter:data1\" content=\"GS\" \/>\n\t<meta name=\"twitter:label2\" content=\"Dur\u00e9e de lecture estim\u00e9e\" \/>\n\t<meta name=\"twitter:data2\" content=\"3 minutes\" \/>\n<script type=\"application\/ld+json\" class=\"yoast-schema-graph\">{\"@context\":\"https:\/\/schema.org\",\"@graph\":[{\"@type\":\"Article\",\"@id\":\"https:\/\/covid19-a-savoir.net\/index.php\/2023\/08\/27\/comment-puis-je-gerer-le-rejet\/#article\",\"isPartOf\":{\"@id\":\"https:\/\/covid19-a-savoir.net\/index.php\/2023\/08\/27\/comment-puis-je-gerer-le-rejet\/\"},\"author\":{\"name\":\"GS\",\"@id\":\"https:\/\/covid19-a-savoir.net\/#\/schema\/person\/53265987e4424cc7dde2f857d2b378cf\"},\"headline\":\"Comment puis-je g\u00e9rer le rejet ?\",\"datePublished\":\"2023-08-27T14:55:10+00:00\",\"dateModified\":\"2023-08-27T14:55:13+00:00\",\"mainEntityOfPage\":{\"@id\":\"https:\/\/covid19-a-savoir.net\/index.php\/2023\/08\/27\/comment-puis-je-gerer-le-rejet\/\"},\"wordCount\":483,\"publisher\":{\"@id\":\"https:\/\/covid19-a-savoir.net\/#\/schema\/person\/53265987e4424cc7dde2f857d2b378cf\"},\"articleSection\":[\"covid19\"],\"inLanguage\":\"fr-FR\"},{\"@type\":\"WebPage\",\"@id\":\"https:\/\/covid19-a-savoir.net\/index.php\/2023\/08\/27\/comment-puis-je-gerer-le-rejet\/\",\"url\":\"https:\/\/covid19-a-savoir.net\/index.php\/2023\/08\/27\/comment-puis-je-gerer-le-rejet\/\",\"name\":\"Comment puis-je g\u00e9rer le rejet ? - Actualit\u00e9s, , .... Apr\u00e8s la p\u00e9riode &quot;covid19&quot;\",\"isPartOf\":{\"@id\":\"https:\/\/covid19-a-savoir.net\/#website\"},\"datePublished\":\"2023-08-27T14:55:10+00:00\",\"dateModified\":\"2023-08-27T14:55:13+00:00\",\"breadcrumb\":{\"@id\":\"https:\/\/covid19-a-savoir.net\/index.php\/2023\/08\/27\/comment-puis-je-gerer-le-rejet\/#breadcrumb\"},\"inLanguage\":\"fr-FR\",\"potentialAction\":[{\"@type\":\"ReadAction\",\"target\":[\"https:\/\/covid19-a-savoir.net\/index.php\/2023\/08\/27\/comment-puis-je-gerer-le-rejet\/\"]}]},{\"@type\":\"BreadcrumbList\",\"@id\":\"https:\/\/covid19-a-savoir.net\/index.php\/2023\/08\/27\/comment-puis-je-gerer-le-rejet\/#breadcrumb\",\"itemListElement\":[{\"@type\":\"ListItem\",\"position\":1,\"name\":\"Accueil\",\"item\":\"https:\/\/covid19-a-savoir.net\/\"},{\"@type\":\"ListItem\",\"position\":2,\"name\":\"Comment puis-je g\u00e9rer le rejet ?\"}]},{\"@type\":\"WebSite\",\"@id\":\"https:\/\/covid19-a-savoir.net\/#website\",\"url\":\"https:\/\/covid19-a-savoir.net\/\",\"name\":\"Actualit\u00e9s, , .... Apr\u00e8s la p\u00e9riode &quot;covid19&quot;\",\"description\":\"DES V\u00c9RIT\u00c9S QUI D\u00c9RANGENT\",\"publisher\":{\"@id\":\"https:\/\/covid19-a-savoir.net\/#\/schema\/person\/53265987e4424cc7dde2f857d2b378cf\"},\"potentialAction\":[{\"@type\":\"SearchAction\",\"target\":{\"@type\":\"EntryPoint\",\"urlTemplate\":\"https:\/\/covid19-a-savoir.net\/?s={search_term_string}\"},\"query-input\":\"required name=search_term_string\"}],\"inLanguage\":\"fr-FR\"},{\"@type\":[\"Person\",\"Organization\"],\"@id\":\"https:\/\/covid19-a-savoir.net\/#\/schema\/person\/53265987e4424cc7dde2f857d2b378cf\",\"name\":\"GS\",\"image\":{\"@type\":\"ImageObject\",\"inLanguage\":\"fr-FR\",\"@id\":\"https:\/\/covid19-a-savoir.net\/#\/schema\/person\/image\/\",\"url\":\"https:\/\/covid19-a-savoir.net\/wp-content\/uploads\/2022\/07\/dans-ce-monde-312x312-1.png\",\"contentUrl\":\"https:\/\/covid19-a-savoir.net\/wp-content\/uploads\/2022\/07\/dans-ce-monde-312x312-1.png\",\"width\":312,\"height\":312,\"caption\":\"GS\"},\"logo\":{\"@id\":\"https:\/\/covid19-a-savoir.net\/#\/schema\/person\/image\/\"},\"sameAs\":[\"http:\/\/covid19-a-savoir.net\"],\"url\":\"https:\/\/covid19-a-savoir.net\/index.php\/author\/guido-saverio-sgmail-com\/\"}]}<\/script>\n<!-- \/ Yoast SEO plugin. -->","yoast_head_json":{"title":"Comment puis-je g\u00e9rer le rejet ? - Actualit\u00e9s, , .... Apr\u00e8s la p\u00e9riode &quot;covid19&quot;","robots":{"index":"index","follow":"follow","max-snippet":"max-snippet:-1","max-image-preview":"max-image-preview:large","max-video-preview":"max-video-preview:-1"},"canonical":"https:\/\/covid19-a-savoir.net\/index.php\/2023\/08\/27\/comment-puis-je-gerer-le-rejet\/","og_locale":"fr_FR","og_type":"article","og_title":"Comment puis-je g\u00e9rer le rejet ? - Actualit\u00e9s, , .... Apr\u00e8s la p\u00e9riode &quot;covid19&quot;","og_description":"1. Question : Pourquoi ai-je \u00e9t\u00e9 rejet\u00e9 ? R\u00e9ponse : Le rejet peut d\u00e9couler de divers facteurs, souvent ind\u00e9pendants de... Read moreComment puis-je g\u00e9rer le rejet ?","og_url":"https:\/\/covid19-a-savoir.net\/index.php\/2023\/08\/27\/comment-puis-je-gerer-le-rejet\/","og_site_name":"Actualit\u00e9s, , .... Apr\u00e8s la p\u00e9riode &quot;covid19&quot;","article_published_time":"2023-08-27T14:55:10+00:00","article_modified_time":"2023-08-27T14:55:13+00:00","author":"GS","twitter_card":"summary_large_image","twitter_misc":{"\u00c9crit par":"GS","Dur\u00e9e de lecture estim\u00e9e":"3 minutes"},"schema":{"@context":"https:\/\/schema.org","@graph":[{"@type":"Article","@id":"https:\/\/covid19-a-savoir.net\/index.php\/2023\/08\/27\/comment-puis-je-gerer-le-rejet\/#article","isPartOf":{"@id":"https:\/\/covid19-a-savoir.net\/index.php\/2023\/08\/27\/comment-puis-je-gerer-le-rejet\/"},"author":{"name":"GS","@id":"https:\/\/covid19-a-savoir.net\/#\/schema\/person\/53265987e4424cc7dde2f857d2b378cf"},"headline":"Comment puis-je g\u00e9rer le rejet ?","datePublished":"2023-08-27T14:55:10+00:00","dateModified":"2023-08-27T14:55:13+00:00","mainEntityOfPage":{"@id":"https:\/\/covid19-a-savoir.net\/index.php\/2023\/08\/27\/comment-puis-je-gerer-le-rejet\/"},"wordCount":483,"publisher":{"@id":"https:\/\/covid19-a-savoir.net\/#\/schema\/person\/53265987e4424cc7dde2f857d2b378cf"},"articleSection":["covid19"],"inLanguage":"fr-FR"},{"@type":"WebPage","@id":"https:\/\/covid19-a-savoir.net\/index.php\/2023\/08\/27\/comment-puis-je-gerer-le-rejet\/","url":"https:\/\/covid19-a-savoir.net\/index.php\/2023\/08\/27\/comment-puis-je-gerer-le-rejet\/","name":"Comment puis-je g\u00e9rer le rejet ? - Actualit\u00e9s, , .... Apr\u00e8s la p\u00e9riode &quot;covid19&quot;","isPartOf":{"@id":"https:\/\/covid19-a-savoir.net\/#website"},"datePublished":"2023-08-27T14:55:10+00:00","dateModified":"2023-08-27T14:55:13+00:00","breadcrumb":{"@id":"https:\/\/covid19-a-savoir.net\/index.php\/2023\/08\/27\/comment-puis-je-gerer-le-rejet\/#breadcrumb"},"inLanguage":"fr-FR","potentialAction":[{"@type":"ReadAction","target":["https:\/\/covid19-a-savoir.net\/index.php\/2023\/08\/27\/comment-puis-je-gerer-le-rejet\/"]}]},{"@type":"BreadcrumbList","@id":"https:\/\/covid19-a-savoir.net\/index.php\/2023\/08\/27\/comment-puis-je-gerer-le-rejet\/#breadcrumb","itemListElement":[{"@type":"ListItem","position":1,"name":"Accueil","item":"https:\/\/covid19-a-savoir.net\/"},{"@type":"ListItem","position":2,"name":"Comment puis-je g\u00e9rer le rejet ?"}]},{"@type":"WebSite","@id":"https:\/\/covid19-a-savoir.net\/#website","url":"https:\/\/covid19-a-savoir.net\/","name":"Actualit\u00e9s, , .... Apr\u00e8s la p\u00e9riode &quot;covid19&quot;","description":"DES V\u00c9RIT\u00c9S QUI D\u00c9RANGENT","publisher":{"@id":"https:\/\/covid19-a-savoir.net\/#\/schema\/person\/53265987e4424cc7dde2f857d2b378cf"},"potentialAction":[{"@type":"SearchAction","target":{"@type":"EntryPoint","urlTemplate":"https:\/\/covid19-a-savoir.net\/?s={search_term_string}"},"query-input":"required name=search_term_string"}],"inLanguage":"fr-FR"},{"@type":["Person","Organization"],"@id":"https:\/\/covid19-a-savoir.net\/#\/schema\/person\/53265987e4424cc7dde2f857d2b378cf","name":"GS","image":{"@type":"ImageObject","inLanguage":"fr-FR","@id":"https:\/\/covid19-a-savoir.net\/#\/schema\/person\/image\/","url":"https:\/\/covid19-a-savoir.net\/wp-content\/uploads\/2022\/07\/dans-ce-monde-312x312-1.png","contentUrl":"https:\/\/covid19-a-savoir.net\/wp-content\/uploads\/2022\/07\/dans-ce-monde-312x312-1.png","width":312,"height":312,"caption":"GS"},"logo":{"@id":"https:\/\/covid19-a-savoir.net\/#\/schema\/person\/image\/"},"sameAs":["http:\/\/covid19-a-savoir.net"],"url":"https:\/\/covid19-a-savoir.net\/index.php\/author\/guido-saverio-sgmail-com\/"}]}},"jetpack_sharing_enabled":true,"jetpack_featured_media_url":"","_links":{"self":[{"href":"https:\/\/covid19-a-savoir.net\/index.php\/wp-json\/wp\/v2\/posts\/2814"}],"collection":[{"href":"https:\/\/covid19-a-savoir.net\/index.php\/wp-json\/wp\/v2\/posts"}],"about":[{"href":"https:\/\/covid19-a-savoir.net\/index.php\/wp-json\/wp\/v2\/types\/post"}],"author":[{"embeddable":true,"href":"https:\/\/covid19-a-savoir.net\/index.php\/wp-json\/wp\/v2\/users\/1"}],"replies":[{"embeddable":true,"href":"https:\/\/covid19-a-savoir.net\/index.php\/wp-json\/wp\/v2\/comments?post=2814"}],"version-history":[{"count":1,"href":"https:\/\/covid19-a-savoir.net\/index.php\/wp-json\/wp\/v2\/posts\/2814\/revisions"}],"predecessor-version":[{"id":2815,"href":"https:\/\/covid19-a-savoir.net\/index.php\/wp-json\/wp\/v2\/posts\/2814\/revisions\/2815"}],"wp:attachment":[{"href":"https:\/\/covid19-a-savoir.net\/index.php\/wp-json\/wp\/v2\/media?parent=2814"}],"wp:term":[{"taxonomy":"category","embeddable":true,"href":"https:\/\/covid19-a-savoir.net\/index.php\/wp-json\/wp\/v2\/categories?post=2814"},{"taxonomy":"post_tag","embeddable":true,"href":"https:\/\/covid19-a-savoir.net\/index.php\/wp-json\/wp\/v2\/tags?post=2814"}],"curies":[{"name":"wp","href":"https:\/\/api.w.org\/{rel}","templated":true}]}}