{"id":2791,"date":"2023-08-24T20:00:33","date_gmt":"2023-08-24T20:00:33","guid":{"rendered":"https:\/\/covid19-a-savoir.net\/?p=2791"},"modified":"2023-08-25T09:31:08","modified_gmt":"2023-08-25T09:31:08","slug":"on-souffre-parce-quon-ne-comprend-pas-ce-quest-la-vie-2","status":"publish","type":"post","link":"https:\/\/covid19-a-savoir.net\/index.php\/2023\/08\/24\/on-souffre-parce-quon-ne-comprend-pas-ce-quest-la-vie-2\/","title":{"rendered":"On souffre parce qu&rsquo;on ne comprend pas ce qu&rsquo;est la vie"},"content":{"rendered":"<div id=\"dslc-theme-content\"><div id=\"dslc-theme-content-inner\">\n<p>Mes chers amis,<\/p>\n\n\n\n<p>Il est ind\u00e9niable que la vie nous r\u00e9serve bien des myst\u00e8res et des \u00e9nigmes qui peuvent nous laisser perplexes et m\u00eame parfois dans la souffrance. Pourquoi cela se produit-il ? Eh bien, permettez-moi de vous partager une perspective qui pourrait vous aider \u00e0 trouver un peu de clart\u00e9 et de paix au milieu de cette complexit\u00e9.<\/p>\n\n\n\n<p>Imaginez un bateau voguant sur une mer agit\u00e9e. La vie, mes amis, est comme cette mer. Elle peut \u00eatre calme et ensoleill\u00e9e un jour, puis tumultueuse et sombre le lendemain. Mais tout comme le capitaine dirige le bateau avec comp\u00e9tence et confiance, nous pouvons apprendre \u00e0 naviguer dans les eaux troubles de la vie avec une perspective plus lumineuse.<\/p>\n\n\n\n<p class=\"has-vivid-red-color has-text-color\"><strong>La cl\u00e9, mes chers amis, r\u00e9side dans la compr\u00e9hension. En comprenant la nature changeante de la vie, nous pouvons att\u00e9nuer la souffrance qui d\u00e9coule de notre confusion.<\/strong> Voyez-vous, lorsque nous nous effor\u00e7ons de tout expliquer et de tout comprendre \u00e0 la perfection, nous risquons de nous perdre dans les m\u00e9andres de nos propres pens\u00e9es. C&rsquo;est comme essayer de saisir le vent entre nos doigts. Impossible, n&rsquo;est-ce pas ?<\/p>\n\n\n\n<p>Prenons un exemple concret : l&rsquo;amour. L&rsquo;amour, c&rsquo;est comme le soleil qui brille dans le ciel. Parfois, il est \u00e9clatant et chaleureux, et d&rsquo;autres fois, il peut \u00eatre cach\u00e9 derri\u00e8re les nuages de la vie. Plut\u00f4t que de chercher \u00e0 tout d\u00e9cortiquer, apprenons \u00e0 ressentir l&rsquo;amour dans nos c\u0153urs, \u00e0 savourer les moments de joie qu&rsquo;il apporte, sans nous perdre dans des questions sans fin.<\/p>\n\n\n\n<p>De m\u00eame, envisageons la carri\u00e8re que nous poursuivons. Nous avons tendance \u00e0 nous tourmenter avec des questions sur notre but ultime et notre destin\u00e9e. Mais si nous pr\u00eatons attention \u00e0 chaque \u00e9tape du chemin, si nous travaillons avec diligence et passion, le sens se d\u00e9voilera progressivement comme un tableau se peignant sous nos yeux.<\/p>\n\n\n\n<p>La nature elle-m\u00eame nous offre une le\u00e7on pr\u00e9cieuse. Regardez les saisons changer. Le printemps succ\u00e8de \u00e0 l&rsquo;hiver, apportant avec lui une nouvelle vie et une nouvelle croissance. Au lieu de nous accrocher \u00e0 la froideur de l&rsquo;hiver, embrassons le renouveau du printemps et la promesse qu&rsquo;il apporte.<\/p>\n\n\n\n<p>L&rsquo;acceptation, chers amis, est \u00e9galement un alli\u00e9 puissant. Accepter que certaines choses sont au-del\u00e0 de notre contr\u00f4le peut lib\u00e9rer notre esprit de l&rsquo;angoisse inutile. Si la pluie tombe un jour o\u00f9 nous avions pr\u00e9vu un pique-nique, acceptons-la comme une b\u00e9n\u00e9diction pour la terre assoiff\u00e9e plut\u00f4t que de nous morfondre sur notre sort.<\/p>\n\n\n\n<p>En somme, mes chers amis, la vie est un voyage complexe, rempli de hauts et de bas, de questions sans r\u00e9ponse et de moments de clart\u00e9. Au lieu de nous laisser submerger par la confusion, embrassons la beaut\u00e9 de l&rsquo;inconnu. Apprenons \u00e0 vivre pleinement chaque instant, \u00e0 aimer profond\u00e9ment malgr\u00e9 les incertitudes, et \u00e0 danser au rythme changeant de la vie avec gratitude.<\/p>\n\n\n\n<p>Rappelez-vous toujours que vous \u00eates le capitaine de votre propre bateau. M\u00eame si les eaux peuvent \u00eatre troubles, votre capacit\u00e9 \u00e0 naviguer avec courage et confiance vous guidera toujours vers des horizons plus lumineux.<\/p>\n\n\n\n<p>Avec amour et espoir,<\/p>\n\n\n\n<div class=\"wp-block-columns is-layout-flex wp-container-core-columns-is-layout-1 wp-block-columns-is-layout-flex\">\n<div class=\"wp-block-column is-layout-flow wp-block-column-is-layout-flow\">\n<figure class=\"wp-block-image size-large\"><a href=\"https:\/\/guido-saverio-coach.com\/\"><img fetchpriority=\"high\" decoding=\"async\" width=\"642\" height=\"1024\" src=\"https:\/\/covid19-a-savoir.net\/wp-content\/uploads\/2023\/08\/Au-Dela-des-Sens-Naviguer-la-Quete-de-Sens-a-travers-la-Spiritualite-4-642x1024.png\" alt=\"\" class=\"wp-image-2802\" srcset=\"https:\/\/covid19-a-savoir.net\/wp-content\/uploads\/2023\/08\/Au-Dela-des-Sens-Naviguer-la-Quete-de-Sens-a-travers-la-Spiritualite-4-642x1024.png 642w, https:\/\/covid19-a-savoir.net\/wp-content\/uploads\/2023\/08\/Au-Dela-des-Sens-Naviguer-la-Quete-de-Sens-a-travers-la-Spiritualite-4-188x300.png 188w, https:\/\/covid19-a-savoir.net\/wp-content\/uploads\/2023\/08\/Au-Dela-des-Sens-Naviguer-la-Quete-de-Sens-a-travers-la-Spiritualite-4-768x1226.png 768w, https:\/\/covid19-a-savoir.net\/wp-content\/uploads\/2023\/08\/Au-Dela-des-Sens-Naviguer-la-Quete-de-Sens-a-travers-la-Spiritualite-4-963x1536.png 963w, https:\/\/covid19-a-savoir.net\/wp-content\/uploads\/2023\/08\/Au-Dela-des-Sens-Naviguer-la-Quete-de-Sens-a-travers-la-Spiritualite-4-1283x2048.png 1283w, https:\/\/covid19-a-savoir.net\/wp-content\/uploads\/2023\/08\/Au-Dela-des-Sens-Naviguer-la-Quete-de-Sens-a-travers-la-Spiritualite-4.png 1410w\" sizes=\"(max-width: 642px) 100vw, 642px\" \/><\/a><\/figure>\n<\/div>\n\n\n\n<div class=\"wp-block-column is-layout-flow wp-block-column-is-layout-flow\">\n<figure class=\"wp-block-image size-large\"><img decoding=\"async\" width=\"642\" height=\"1024\" src=\"https:\/\/covid19-a-savoir.net\/wp-content\/uploads\/2023\/08\/Black-And-White-Modern-Alone-Story-Book-Cover-1-642x1024.png\" alt=\"\" class=\"wp-image-2803\" srcset=\"https:\/\/covid19-a-savoir.net\/wp-content\/uploads\/2023\/08\/Black-And-White-Modern-Alone-Story-Book-Cover-1-642x1024.png 642w, https:\/\/covid19-a-savoir.net\/wp-content\/uploads\/2023\/08\/Black-And-White-Modern-Alone-Story-Book-Cover-1-188x300.png 188w, https:\/\/covid19-a-savoir.net\/wp-content\/uploads\/2023\/08\/Black-And-White-Modern-Alone-Story-Book-Cover-1-768x1226.png 768w, https:\/\/covid19-a-savoir.net\/wp-content\/uploads\/2023\/08\/Black-And-White-Modern-Alone-Story-Book-Cover-1-963x1536.png 963w, https:\/\/covid19-a-savoir.net\/wp-content\/uploads\/2023\/08\/Black-And-White-Modern-Alone-Story-Book-Cover-1-1283x2048.png 1283w, https:\/\/covid19-a-savoir.net\/wp-content\/uploads\/2023\/08\/Black-And-White-Modern-Alone-Story-Book-Cover-1.png 1410w\" sizes=\"(max-width: 642px) 100vw, 642px\" \/><\/figure>\n<\/div>\n\n\n\n<div class=\"wp-block-column is-layout-flow wp-block-column-is-layout-flow\">\n<figure class=\"wp-block-image size-large\"><a href=\"https:\/\/guido-saverio-coach.com\/\"><img decoding=\"async\" width=\"642\" height=\"1024\" src=\"https:\/\/covid19-a-savoir.net\/wp-content\/uploads\/2023\/08\/Black-Simple-Life-Book-Cover-642x1024.png\" alt=\"\" class=\"wp-image-2804\" srcset=\"https:\/\/covid19-a-savoir.net\/wp-content\/uploads\/2023\/08\/Black-Simple-Life-Book-Cover-642x1024.png 642w, https:\/\/covid19-a-savoir.net\/wp-content\/uploads\/2023\/08\/Black-Simple-Life-Book-Cover-188x300.png 188w, https:\/\/covid19-a-savoir.net\/wp-content\/uploads\/2023\/08\/Black-Simple-Life-Book-Cover-768x1226.png 768w, https:\/\/covid19-a-savoir.net\/wp-content\/uploads\/2023\/08\/Black-Simple-Life-Book-Cover-963x1536.png 963w, https:\/\/covid19-a-savoir.net\/wp-content\/uploads\/2023\/08\/Black-Simple-Life-Book-Cover-1283x2048.png 1283w, https:\/\/covid19-a-savoir.net\/wp-content\/uploads\/2023\/08\/Black-Simple-Life-Book-Cover.png 1410w\" sizes=\"(max-width: 642px) 100vw, 642px\" \/><\/a><\/figure>\n<\/div>\n<\/div>\n\n\n\n<p>voici 10 questions fr\u00e9quemment pos\u00e9es sur le sujet de la compr\u00e9hension de la vie, ainsi que des r\u00e9ponses et des solutions rapides pour chaque question :<\/p>\n\n\n\n<p><strong>Question 1 : Pourquoi la vie peut-elle sembler si complexe et difficile \u00e0 comprendre ?<\/strong> <strong>R\u00e9ponse :<\/strong> La vie est un m\u00e9lange de nombreux aspects, chacun avec ses propres d\u00e9fis et myst\u00e8res. Notre perception de complexit\u00e9 peut provenir de notre d\u00e9sir de tout expliquer et de tout comprendre en d\u00e9tail.<\/p>\n\n\n\n<p><strong>Solution :<\/strong> Plut\u00f4t que de chercher une compr\u00e9hension compl\u00e8te, essayez de prendre chaque jour comme il vient. Concentrez-vous sur les aspects que vous pouvez influencer et acceptez l&rsquo;incertitude inh\u00e9rente \u00e0 la vie.<\/p>\n\n\n\n<p><strong>Question 2 : Comment puis-je trouver un sens \u00e0 ma vie ?<\/strong> <strong>R\u00e9ponse :<\/strong> Trouver un sens \u00e0 la vie est une qu\u00eate personnelle. Cela peut venir de la poursuite de passions, d&rsquo;interactions significatives avec les autres, ou de la contribution \u00e0 quelque chose de plus grand que soi.<\/p>\n\n\n\n<p><strong>Solution :<\/strong> Explorez vos int\u00e9r\u00eats, d\u00e9couvrez ce qui vous passionne et cherchez des moyens de cr\u00e9er un impact positif dans votre propre vie et celle des autres.<\/p>\n\n\n\n<p><strong>Question 3 : Comment puis-je g\u00e9rer la peur de l&rsquo;inconnu ?<\/strong> <strong>R\u00e9ponse :<\/strong> La peur de l&rsquo;inconnu est naturelle, mais elle peut aussi \u00eatre limitante. Elle survient lorsque nous nous concentrons sur les sc\u00e9narios n\u00e9gatifs possibles.<\/p>\n\n\n\n<p><strong>Solution :<\/strong> Pratiquez la pleine conscience pour vous ramener dans le moment pr\u00e9sent. Identifiez les aspects que vous pouvez contr\u00f4ler et concentrez-vous sur des r\u00e9sultats positifs possibles.<\/p>\n\n\n\n<p><strong>Question 4 : Comment puis-je cultiver la gratitude au quotidien ?<\/strong> <strong>R\u00e9ponse :<\/strong> La gratitude peut \u00eatre cultiv\u00e9e en portant attention aux petites choses positives de la vie, m\u00eame lorsque les temps sont difficiles.<\/p>\n\n\n\n<p><strong>Solution :<\/strong> Tenez un journal de gratitude o\u00f9 vous notez chaque jour quelques choses pour lesquelles vous \u00eates reconnaissant. Cela vous aidera \u00e0 focaliser votre esprit sur le positif.<\/p>\n\n\n\n<p><strong>Question 5 : Comment puis-je composer avec le changement constant de la vie ?<\/strong> <strong>R\u00e9ponse :<\/strong> Le changement est in\u00e9vitable. Accepter cette r\u00e9alit\u00e9 peut rendre le changement plus g\u00e9rable.<\/p>\n\n\n\n<p><strong>Solution :<\/strong> D\u00e9veloppez votre r\u00e9silience \u00e9motionnelle en apprenant \u00e0 vous adapter aux nouvelles situations et en vous concentrant sur les opportunit\u00e9s positives qu&rsquo;elles peuvent apporter.<\/p>\n\n\n\n<p><strong>Question 6 : Comment \u00e9viter de se perdre dans la qu\u00eate de sens ?<\/strong> <strong>R\u00e9ponse :<\/strong> La qu\u00eate de sens peut parfois devenir envahissante, mais il est important de se rappeler que le sens peut \u00e9voluer au fil du temps.<\/p>\n\n\n\n<p><strong>Solution :<\/strong> Plut\u00f4t que de rechercher un sens d\u00e9finitif, concentrez-vous sur la recherche de moments de sens et de joie dans votre vie quotidienne.<\/p>\n\n\n\n<p><strong>Question 7 : Comment puis-je contr\u00f4ler mes pens\u00e9es n\u00e9gatives ?<\/strong> <strong>R\u00e9ponse :<\/strong> Les pens\u00e9es n\u00e9gatives peuvent avoir un impact significatif sur notre bien-\u00eatre. Elles peuvent provenir d&rsquo;habitudes de pens\u00e9e ou de croyances limitantes.<\/p>\n\n\n\n<p><strong>Solution :<\/strong> Pratiquez l&rsquo;auto-observation. Lorsque vous identifiez une pens\u00e9e n\u00e9gative, remplacez-la par une pens\u00e9e positive ou une affirmation qui renforce votre estime de soi.<\/p>\n\n\n\n<p><strong>Question 8 : Comment puis-je embrasser l&rsquo;inconnu avec confiance ?<\/strong> <strong>R\u00e9ponse :<\/strong> L&rsquo;incertitude peut \u00eatre source d&rsquo;anxi\u00e9t\u00e9, mais elle peut aussi \u00eatre une opportunit\u00e9 de croissance.<\/p>\n\n\n\n<p><strong>Solution :<\/strong> Cultivez votre confiance en vous en vous concentrant sur vos forces et vos r\u00e9alisations pass\u00e9es. Rappeler-vous que vous avez surmont\u00e9 des d\u00e9fis auparavant.<\/p>\n\n\n\n<p><strong>Question 9 : Comment puis-je faire face \u00e0 la d\u00e9ception lorsque les choses ne se d\u00e9roulent pas comme pr\u00e9vu ?<\/strong> <strong>R\u00e9ponse :<\/strong> La d\u00e9ception fait partie de la vie. Elle survient lorsque nos attentes ne sont pas satisfaites.<\/p>\n\n\n\n<p><strong>Solution :<\/strong> Pratiquez la r\u00e9silience \u00e9motionnelle en acceptant que les d\u00e9ceptions font partie de l&rsquo;exp\u00e9rience humaine. Utilisez-les comme des opportunit\u00e9s d&rsquo;apprentissage.<\/p>\n\n\n\n<p><strong>Question 10 : Comment puis-je apporter plus de simplicit\u00e9 dans ma vie quotidienne ?<\/strong> <strong>R\u00e9ponse :<\/strong> La simplicit\u00e9 peut \u00eatre cultiv\u00e9e en identifiant les \u00e9l\u00e9ments essentiels de votre vie et en \u00e9liminant le superflu.<\/p>\n\n\n\n<p><strong>Solution :<\/strong> Faites le tri de vos possessions mat\u00e9rielles et de vos engagements. Identifiez ce qui vous apporte vraiment de la joie et de la valeur, et simplifiez en cons\u00e9quence.<\/p>\n\n\n\n<p>Rappelez-vous, mes amis, que vous n&rsquo;\u00eates pas seuls dans votre recherche de compr\u00e9hension et de sens. En int\u00e9grant ces r\u00e9ponses et solutions rapides dans votre vie, vous pouvez commencer \u00e0 \u00e9clairer votre chemin et \u00e0 embrasser chaque jour avec une clart\u00e9 renouvel\u00e9e.<\/p>\n\n\n\n<iframe width=\"560\" height=\"315\" src=\"https:\/\/www.youtube.com\/embed\/Rs035_woiqo?si=xBklJPszdFYm4UJP\" title=\"YouTube video player\" frameborder=\"0\" allow=\"accelerometer; autoplay; clipboard-write; encrypted-media; gyroscope; picture-in-picture; web-share\" allowfullscreen=\"\"><\/iframe>\n<\/div><\/div>","protected":false},"excerpt":{"rendered":"<p>Mes chers amis, Il est ind\u00e9niable que la vie nous r\u00e9serve bien des myst\u00e8res et des \u00e9nigmes qui peuvent nous&#8230; <a href=\"https:\/\/covid19-a-savoir.net\/index.php\/2023\/08\/24\/on-souffre-parce-quon-ne-comprend-pas-ce-quest-la-vie-2\/\" class=\"readmore\">Read more<span class=\"screen-reader-text\">On souffre parce qu&rsquo;on ne comprend pas ce qu&rsquo;est la vie<\/span><span class=\"fa fa-angle-double-right\" aria-hidden=\"true\"><\/span><\/a><\/p>\n","protected":false},"author":1,"featured_media":0,"comment_status":"closed","ping_status":"closed","sticky":false,"template":"","format":"standard","meta":{"_jetpack_memberships_contains_paid_content":false,"footnotes":""},"categories":[1],"tags":[],"yoast_head":"<!-- This site is optimized with the Yoast SEO plugin v23.2 - https:\/\/yoast.com\/wordpress\/plugins\/seo\/ -->\n<title>On souffre parce qu&#039;on ne comprend pas ce qu&#039;est la vie - Actualit\u00e9s, , .... Apr\u00e8s la p\u00e9riode &quot;covid19&quot;<\/title>\n<meta name=\"robots\" content=\"index, follow, max-snippet:-1, max-image-preview:large, max-video-preview:-1\" \/>\n<link rel=\"canonical\" href=\"https:\/\/covid19-a-savoir.net\/index.php\/2023\/08\/24\/on-souffre-parce-quon-ne-comprend-pas-ce-quest-la-vie-2\/\" \/>\n<meta property=\"og:locale\" content=\"fr_FR\" \/>\n<meta property=\"og:type\" content=\"article\" \/>\n<meta property=\"og:title\" content=\"On souffre parce qu&#039;on ne comprend pas ce qu&#039;est la vie - Actualit\u00e9s, , .... Apr\u00e8s la p\u00e9riode &quot;covid19&quot;\" \/>\n<meta property=\"og:description\" content=\"Mes chers amis, Il est ind\u00e9niable que la vie nous r\u00e9serve bien des myst\u00e8res et des \u00e9nigmes qui peuvent nous... Read moreOn souffre parce qu&rsquo;on ne comprend pas ce qu&rsquo;est la vie\" \/>\n<meta property=\"og:url\" content=\"https:\/\/covid19-a-savoir.net\/index.php\/2023\/08\/24\/on-souffre-parce-quon-ne-comprend-pas-ce-quest-la-vie-2\/\" \/>\n<meta property=\"og:site_name\" content=\"Actualit\u00e9s, , .... Apr\u00e8s la p\u00e9riode &quot;covid19&quot;\" \/>\n<meta property=\"article:published_time\" content=\"2023-08-24T20:00:33+00:00\" \/>\n<meta property=\"article:modified_time\" content=\"2023-08-25T09:31:08+00:00\" \/>\n<meta property=\"og:image\" content=\"https:\/\/covid19-a-savoir.net\/wp-content\/uploads\/2023\/08\/Au-Dela-des-Sens-Naviguer-la-Quete-de-Sens-a-travers-la-Spiritualite-4-642x1024.png\" \/>\n<meta name=\"author\" content=\"GS\" \/>\n<meta name=\"twitter:card\" content=\"summary_large_image\" \/>\n<meta name=\"twitter:label1\" content=\"\u00c9crit par\" \/>\n\t<meta name=\"twitter:data1\" content=\"GS\" \/>\n\t<meta name=\"twitter:label2\" content=\"Dur\u00e9e de lecture estim\u00e9e\" \/>\n\t<meta name=\"twitter:data2\" content=\"7 minutes\" \/>\n<script type=\"application\/ld+json\" class=\"yoast-schema-graph\">{\"@context\":\"https:\/\/schema.org\",\"@graph\":[{\"@type\":\"Article\",\"@id\":\"https:\/\/covid19-a-savoir.net\/index.php\/2023\/08\/24\/on-souffre-parce-quon-ne-comprend-pas-ce-quest-la-vie-2\/#article\",\"isPartOf\":{\"@id\":\"https:\/\/covid19-a-savoir.net\/index.php\/2023\/08\/24\/on-souffre-parce-quon-ne-comprend-pas-ce-quest-la-vie-2\/\"},\"author\":{\"name\":\"GS\",\"@id\":\"https:\/\/covid19-a-savoir.net\/#\/schema\/person\/53265987e4424cc7dde2f857d2b378cf\"},\"headline\":\"On souffre parce qu&rsquo;on ne comprend pas ce qu&rsquo;est la vie\",\"datePublished\":\"2023-08-24T20:00:33+00:00\",\"dateModified\":\"2023-08-25T09:31:08+00:00\",\"mainEntityOfPage\":{\"@id\":\"https:\/\/covid19-a-savoir.net\/index.php\/2023\/08\/24\/on-souffre-parce-quon-ne-comprend-pas-ce-quest-la-vie-2\/\"},\"wordCount\":1252,\"publisher\":{\"@id\":\"https:\/\/covid19-a-savoir.net\/#\/schema\/person\/53265987e4424cc7dde2f857d2b378cf\"},\"image\":{\"@id\":\"https:\/\/covid19-a-savoir.net\/index.php\/2023\/08\/24\/on-souffre-parce-quon-ne-comprend-pas-ce-quest-la-vie-2\/#primaryimage\"},\"thumbnailUrl\":\"https:\/\/covid19-a-savoir.net\/wp-content\/uploads\/2023\/08\/Au-Dela-des-Sens-Naviguer-la-Quete-de-Sens-a-travers-la-Spiritualite-4-642x1024.png\",\"articleSection\":[\"covid19\"],\"inLanguage\":\"fr-FR\"},{\"@type\":\"WebPage\",\"@id\":\"https:\/\/covid19-a-savoir.net\/index.php\/2023\/08\/24\/on-souffre-parce-quon-ne-comprend-pas-ce-quest-la-vie-2\/\",\"url\":\"https:\/\/covid19-a-savoir.net\/index.php\/2023\/08\/24\/on-souffre-parce-quon-ne-comprend-pas-ce-quest-la-vie-2\/\",\"name\":\"On souffre parce qu'on ne comprend pas ce qu'est la vie - Actualit\u00e9s, , .... Apr\u00e8s la p\u00e9riode &quot;covid19&quot;\",\"isPartOf\":{\"@id\":\"https:\/\/covid19-a-savoir.net\/#website\"},\"primaryImageOfPage\":{\"@id\":\"https:\/\/covid19-a-savoir.net\/index.php\/2023\/08\/24\/on-souffre-parce-quon-ne-comprend-pas-ce-quest-la-vie-2\/#primaryimage\"},\"image\":{\"@id\":\"https:\/\/covid19-a-savoir.net\/index.php\/2023\/08\/24\/on-souffre-parce-quon-ne-comprend-pas-ce-quest-la-vie-2\/#primaryimage\"},\"thumbnailUrl\":\"https:\/\/covid19-a-savoir.net\/wp-content\/uploads\/2023\/08\/Au-Dela-des-Sens-Naviguer-la-Quete-de-Sens-a-travers-la-Spiritualite-4-642x1024.png\",\"datePublished\":\"2023-08-24T20:00:33+00:00\",\"dateModified\":\"2023-08-25T09:31:08+00:00\",\"breadcrumb\":{\"@id\":\"https:\/\/covid19-a-savoir.net\/index.php\/2023\/08\/24\/on-souffre-parce-quon-ne-comprend-pas-ce-quest-la-vie-2\/#breadcrumb\"},\"inLanguage\":\"fr-FR\",\"potentialAction\":[{\"@type\":\"ReadAction\",\"target\":[\"https:\/\/covid19-a-savoir.net\/index.php\/2023\/08\/24\/on-souffre-parce-quon-ne-comprend-pas-ce-quest-la-vie-2\/\"]}]},{\"@type\":\"ImageObject\",\"inLanguage\":\"fr-FR\",\"@id\":\"https:\/\/covid19-a-savoir.net\/index.php\/2023\/08\/24\/on-souffre-parce-quon-ne-comprend-pas-ce-quest-la-vie-2\/#primaryimage\",\"url\":\"https:\/\/covid19-a-savoir.net\/wp-content\/uploads\/2023\/08\/Au-Dela-des-Sens-Naviguer-la-Quete-de-Sens-a-travers-la-Spiritualite-4.png\",\"contentUrl\":\"https:\/\/covid19-a-savoir.net\/wp-content\/uploads\/2023\/08\/Au-Dela-des-Sens-Naviguer-la-Quete-de-Sens-a-travers-la-Spiritualite-4.png\",\"width\":1410,\"height\":2250},{\"@type\":\"BreadcrumbList\",\"@id\":\"https:\/\/covid19-a-savoir.net\/index.php\/2023\/08\/24\/on-souffre-parce-quon-ne-comprend-pas-ce-quest-la-vie-2\/#breadcrumb\",\"itemListElement\":[{\"@type\":\"ListItem\",\"position\":1,\"name\":\"Accueil\",\"item\":\"https:\/\/covid19-a-savoir.net\/\"},{\"@type\":\"ListItem\",\"position\":2,\"name\":\"On souffre parce qu&#8217;on ne comprend pas ce qu&#8217;est la vie\"}]},{\"@type\":\"WebSite\",\"@id\":\"https:\/\/covid19-a-savoir.net\/#website\",\"url\":\"https:\/\/covid19-a-savoir.net\/\",\"name\":\"Actualit\u00e9s, , .... Apr\u00e8s la p\u00e9riode &quot;covid19&quot;\",\"description\":\"DES V\u00c9RIT\u00c9S QUI D\u00c9RANGENT\",\"publisher\":{\"@id\":\"https:\/\/covid19-a-savoir.net\/#\/schema\/person\/53265987e4424cc7dde2f857d2b378cf\"},\"potentialAction\":[{\"@type\":\"SearchAction\",\"target\":{\"@type\":\"EntryPoint\",\"urlTemplate\":\"https:\/\/covid19-a-savoir.net\/?s={search_term_string}\"},\"query-input\":\"required name=search_term_string\"}],\"inLanguage\":\"fr-FR\"},{\"@type\":[\"Person\",\"Organization\"],\"@id\":\"https:\/\/covid19-a-savoir.net\/#\/schema\/person\/53265987e4424cc7dde2f857d2b378cf\",\"name\":\"GS\",\"image\":{\"@type\":\"ImageObject\",\"inLanguage\":\"fr-FR\",\"@id\":\"https:\/\/covid19-a-savoir.net\/#\/schema\/person\/image\/\",\"url\":\"https:\/\/covid19-a-savoir.net\/wp-content\/uploads\/2022\/07\/dans-ce-monde-312x312-1.png\",\"contentUrl\":\"https:\/\/covid19-a-savoir.net\/wp-content\/uploads\/2022\/07\/dans-ce-monde-312x312-1.png\",\"width\":312,\"height\":312,\"caption\":\"GS\"},\"logo\":{\"@id\":\"https:\/\/covid19-a-savoir.net\/#\/schema\/person\/image\/\"},\"sameAs\":[\"http:\/\/covid19-a-savoir.net\"],\"url\":\"https:\/\/covid19-a-savoir.net\/index.php\/author\/guido-saverio-sgmail-com\/\"}]}<\/script>\n<!-- \/ Yoast SEO plugin. -->","yoast_head_json":{"title":"On souffre parce qu'on ne comprend pas ce qu'est la vie - Actualit\u00e9s, , .... Apr\u00e8s la p\u00e9riode &quot;covid19&quot;","robots":{"index":"index","follow":"follow","max-snippet":"max-snippet:-1","max-image-preview":"max-image-preview:large","max-video-preview":"max-video-preview:-1"},"canonical":"https:\/\/covid19-a-savoir.net\/index.php\/2023\/08\/24\/on-souffre-parce-quon-ne-comprend-pas-ce-quest-la-vie-2\/","og_locale":"fr_FR","og_type":"article","og_title":"On souffre parce qu'on ne comprend pas ce qu'est la vie - Actualit\u00e9s, , .... Apr\u00e8s la p\u00e9riode &quot;covid19&quot;","og_description":"Mes chers amis, Il est ind\u00e9niable que la vie nous r\u00e9serve bien des myst\u00e8res et des \u00e9nigmes qui peuvent nous... Read moreOn souffre parce qu&rsquo;on ne comprend pas ce qu&rsquo;est la vie","og_url":"https:\/\/covid19-a-savoir.net\/index.php\/2023\/08\/24\/on-souffre-parce-quon-ne-comprend-pas-ce-quest-la-vie-2\/","og_site_name":"Actualit\u00e9s, , .... Apr\u00e8s la p\u00e9riode &quot;covid19&quot;","article_published_time":"2023-08-24T20:00:33+00:00","article_modified_time":"2023-08-25T09:31:08+00:00","og_image":[{"url":"https:\/\/covid19-a-savoir.net\/wp-content\/uploads\/2023\/08\/Au-Dela-des-Sens-Naviguer-la-Quete-de-Sens-a-travers-la-Spiritualite-4-642x1024.png"}],"author":"GS","twitter_card":"summary_large_image","twitter_misc":{"\u00c9crit par":"GS","Dur\u00e9e de lecture estim\u00e9e":"7 minutes"},"schema":{"@context":"https:\/\/schema.org","@graph":[{"@type":"Article","@id":"https:\/\/covid19-a-savoir.net\/index.php\/2023\/08\/24\/on-souffre-parce-quon-ne-comprend-pas-ce-quest-la-vie-2\/#article","isPartOf":{"@id":"https:\/\/covid19-a-savoir.net\/index.php\/2023\/08\/24\/on-souffre-parce-quon-ne-comprend-pas-ce-quest-la-vie-2\/"},"author":{"name":"GS","@id":"https:\/\/covid19-a-savoir.net\/#\/schema\/person\/53265987e4424cc7dde2f857d2b378cf"},"headline":"On souffre parce qu&rsquo;on ne comprend pas ce qu&rsquo;est la vie","datePublished":"2023-08-24T20:00:33+00:00","dateModified":"2023-08-25T09:31:08+00:00","mainEntityOfPage":{"@id":"https:\/\/covid19-a-savoir.net\/index.php\/2023\/08\/24\/on-souffre-parce-quon-ne-comprend-pas-ce-quest-la-vie-2\/"},"wordCount":1252,"publisher":{"@id":"https:\/\/covid19-a-savoir.net\/#\/schema\/person\/53265987e4424cc7dde2f857d2b378cf"},"image":{"@id":"https:\/\/covid19-a-savoir.net\/index.php\/2023\/08\/24\/on-souffre-parce-quon-ne-comprend-pas-ce-quest-la-vie-2\/#primaryimage"},"thumbnailUrl":"https:\/\/covid19-a-savoir.net\/wp-content\/uploads\/2023\/08\/Au-Dela-des-Sens-Naviguer-la-Quete-de-Sens-a-travers-la-Spiritualite-4-642x1024.png","articleSection":["covid19"],"inLanguage":"fr-FR"},{"@type":"WebPage","@id":"https:\/\/covid19-a-savoir.net\/index.php\/2023\/08\/24\/on-souffre-parce-quon-ne-comprend-pas-ce-quest-la-vie-2\/","url":"https:\/\/covid19-a-savoir.net\/index.php\/2023\/08\/24\/on-souffre-parce-quon-ne-comprend-pas-ce-quest-la-vie-2\/","name":"On souffre parce qu'on ne comprend pas ce qu'est la vie - Actualit\u00e9s, , .... Apr\u00e8s la p\u00e9riode &quot;covid19&quot;","isPartOf":{"@id":"https:\/\/covid19-a-savoir.net\/#website"},"primaryImageOfPage":{"@id":"https:\/\/covid19-a-savoir.net\/index.php\/2023\/08\/24\/on-souffre-parce-quon-ne-comprend-pas-ce-quest-la-vie-2\/#primaryimage"},"image":{"@id":"https:\/\/covid19-a-savoir.net\/index.php\/2023\/08\/24\/on-souffre-parce-quon-ne-comprend-pas-ce-quest-la-vie-2\/#primaryimage"},"thumbnailUrl":"https:\/\/covid19-a-savoir.net\/wp-content\/uploads\/2023\/08\/Au-Dela-des-Sens-Naviguer-la-Quete-de-Sens-a-travers-la-Spiritualite-4-642x1024.png","datePublished":"2023-08-24T20:00:33+00:00","dateModified":"2023-08-25T09:31:08+00:00","breadcrumb":{"@id":"https:\/\/covid19-a-savoir.net\/index.php\/2023\/08\/24\/on-souffre-parce-quon-ne-comprend-pas-ce-quest-la-vie-2\/#breadcrumb"},"inLanguage":"fr-FR","potentialAction":[{"@type":"ReadAction","target":["https:\/\/covid19-a-savoir.net\/index.php\/2023\/08\/24\/on-souffre-parce-quon-ne-comprend-pas-ce-quest-la-vie-2\/"]}]},{"@type":"ImageObject","inLanguage":"fr-FR","@id":"https:\/\/covid19-a-savoir.net\/index.php\/2023\/08\/24\/on-souffre-parce-quon-ne-comprend-pas-ce-quest-la-vie-2\/#primaryimage","url":"https:\/\/covid19-a-savoir.net\/wp-content\/uploads\/2023\/08\/Au-Dela-des-Sens-Naviguer-la-Quete-de-Sens-a-travers-la-Spiritualite-4.png","contentUrl":"https:\/\/covid19-a-savoir.net\/wp-content\/uploads\/2023\/08\/Au-Dela-des-Sens-Naviguer-la-Quete-de-Sens-a-travers-la-Spiritualite-4.png","width":1410,"height":2250},{"@type":"BreadcrumbList","@id":"https:\/\/covid19-a-savoir.net\/index.php\/2023\/08\/24\/on-souffre-parce-quon-ne-comprend-pas-ce-quest-la-vie-2\/#breadcrumb","itemListElement":[{"@type":"ListItem","position":1,"name":"Accueil","item":"https:\/\/covid19-a-savoir.net\/"},{"@type":"ListItem","position":2,"name":"On souffre parce qu&#8217;on ne comprend pas ce qu&#8217;est la vie"}]},{"@type":"WebSite","@id":"https:\/\/covid19-a-savoir.net\/#website","url":"https:\/\/covid19-a-savoir.net\/","name":"Actualit\u00e9s, , .... Apr\u00e8s la p\u00e9riode &quot;covid19&quot;","description":"DES V\u00c9RIT\u00c9S QUI D\u00c9RANGENT","publisher":{"@id":"https:\/\/covid19-a-savoir.net\/#\/schema\/person\/53265987e4424cc7dde2f857d2b378cf"},"potentialAction":[{"@type":"SearchAction","target":{"@type":"EntryPoint","urlTemplate":"https:\/\/covid19-a-savoir.net\/?s={search_term_string}"},"query-input":"required name=search_term_string"}],"inLanguage":"fr-FR"},{"@type":["Person","Organization"],"@id":"https:\/\/covid19-a-savoir.net\/#\/schema\/person\/53265987e4424cc7dde2f857d2b378cf","name":"GS","image":{"@type":"ImageObject","inLanguage":"fr-FR","@id":"https:\/\/covid19-a-savoir.net\/#\/schema\/person\/image\/","url":"https:\/\/covid19-a-savoir.net\/wp-content\/uploads\/2022\/07\/dans-ce-monde-312x312-1.png","contentUrl":"https:\/\/covid19-a-savoir.net\/wp-content\/uploads\/2022\/07\/dans-ce-monde-312x312-1.png","width":312,"height":312,"caption":"GS"},"logo":{"@id":"https:\/\/covid19-a-savoir.net\/#\/schema\/person\/image\/"},"sameAs":["http:\/\/covid19-a-savoir.net"],"url":"https:\/\/covid19-a-savoir.net\/index.php\/author\/guido-saverio-sgmail-com\/"}]}},"jetpack_sharing_enabled":true,"jetpack_featured_media_url":"","_links":{"self":[{"href":"https:\/\/covid19-a-savoir.net\/index.php\/wp-json\/wp\/v2\/posts\/2791"}],"collection":[{"href":"https:\/\/covid19-a-savoir.net\/index.php\/wp-json\/wp\/v2\/posts"}],"about":[{"href":"https:\/\/covid19-a-savoir.net\/index.php\/wp-json\/wp\/v2\/types\/post"}],"author":[{"embeddable":true,"href":"https:\/\/covid19-a-savoir.net\/index.php\/wp-json\/wp\/v2\/users\/1"}],"replies":[{"embeddable":true,"href":"https:\/\/covid19-a-savoir.net\/index.php\/wp-json\/wp\/v2\/comments?post=2791"}],"version-history":[{"count":9,"href":"https:\/\/covid19-a-savoir.net\/index.php\/wp-json\/wp\/v2\/posts\/2791\/revisions"}],"predecessor-version":[{"id":2810,"href":"https:\/\/covid19-a-savoir.net\/index.php\/wp-json\/wp\/v2\/posts\/2791\/revisions\/2810"}],"wp:attachment":[{"href":"https:\/\/covid19-a-savoir.net\/index.php\/wp-json\/wp\/v2\/media?parent=2791"}],"wp:term":[{"taxonomy":"category","embeddable":true,"href":"https:\/\/covid19-a-savoir.net\/index.php\/wp-json\/wp\/v2\/categories?post=2791"},{"taxonomy":"post_tag","embeddable":true,"href":"https:\/\/covid19-a-savoir.net\/index.php\/wp-json\/wp\/v2\/tags?post=2791"}],"curies":[{"name":"wp","href":"https:\/\/api.w.org\/{rel}","templated":true}]}}