{"id":2772,"date":"2023-08-18T21:36:29","date_gmt":"2023-08-18T21:36:29","guid":{"rendered":"https:\/\/covid19-a-savoir.net\/?p=2772"},"modified":"2023-08-18T21:36:31","modified_gmt":"2023-08-18T21:36:31","slug":"comment-reprogrammer-son-cerveau-en-profondeur-changer-totalement-sa-facon-de-penser-pour-etre-toujours-positif-dans-sa-maniere-de-reflechir-et-avoir-une-confiance-en-soi-inebranlable","status":"publish","type":"post","link":"https:\/\/covid19-a-savoir.net\/index.php\/2023\/08\/18\/comment-reprogrammer-son-cerveau-en-profondeur-changer-totalement-sa-facon-de-penser-pour-etre-toujours-positif-dans-sa-maniere-de-reflechir-et-avoir-une-confiance-en-soi-inebranlable\/","title":{"rendered":"Comment reprogrammer son cerveau en profondeur changer totalement sa fa\u00e7on de penser pour \u00eatre toujours positif dans sa mani\u00e8re de r\u00e9fl\u00e9chir et avoir une confiance en soi in\u00e9branlable ?"},"content":{"rendered":"<div id=\"dslc-theme-content\"><div id=\"dslc-theme-content-inner\">\n<p>Reprogrammer son cerveau en profondeur pour adopter une pens\u00e9e positive et une confiance en soi in\u00e9branlable est un processus qui demande du temps, de la patience et de la pers\u00e9v\u00e9rance. Voici quelques \u00e9tapes et conseils pour vous aider dans cette d\u00e9marche :<\/p>\n\n\n\n<ol><li><strong>Prise de conscience et volont\u00e9 :<\/strong> La premi\u00e8re \u00e9tape consiste \u00e0 prendre conscience de vos sch\u00e9mas de pens\u00e9e n\u00e9gatifs et de vos doutes sur vous-m\u00eame. Identifiez les moments o\u00f9 vous vous critiquez ou vous doutez, afin de pouvoir les traiter.<\/li><li><strong>Auto-observation :<\/strong> Prenez le temps chaque jour pour observer vos pens\u00e9es. Lorsque vous vous surprenez en train de penser de mani\u00e8re n\u00e9gative, remplacez imm\u00e9diatement ces pens\u00e9es par des affirmations positives et constructives.<\/li><li><strong>Affirmations positives :<\/strong> Utilisez des affirmations positives pour vous renforcer mentalement. Cr\u00e9ez des d\u00e9clarations positives et r\u00e9p\u00e9tez-les r\u00e9guli\u00e8rement, de pr\u00e9f\u00e9rence devant un miroir. Par exemple, dites-vous des choses comme \u00ab\u00a0Je suis capable\u00a0\u00bb, \u00ab\u00a0Je m\u00e9rite le succ\u00e8s\u00a0\u00bb, \u00ab\u00a0Je suis digne d&rsquo;amour et de respect\u00a0\u00bb.<\/li><li><strong>Visualisation :<\/strong> Pratiquez la visualisation positive. Imaginez-vous en train de r\u00e9ussir vos objectifs et de surmonter vos d\u00e9fis. Plus vous visualisez ces succ\u00e8s, plus votre cerveau commencera \u00e0 les consid\u00e9rer comme possibles.<\/li><li><strong>Entourez-vous de positivit\u00e9 :<\/strong> Fr\u00e9quentez des personnes positives et encourageantes qui vous soutiennent dans votre d\u00e9marche. \u00c9loignez-vous des personnes n\u00e9gatives et critiques.<\/li><li><strong>Gestion du stress :<\/strong> Apprenez des techniques de gestion du stress comme la m\u00e9ditation, la respiration profonde, le yoga, etc. Un esprit calme est plus enclin \u00e0 penser positivement.<\/li><li><strong>\u00c9vitez la comparaison excessive :<\/strong> \u00c9vitez de vous comparer constamment aux autres, car cela peut miner votre confiance en vous. Concentrez-vous sur votre propre parcours et vos progr\u00e8s personnels.<\/li><li><strong>C\u00e9l\u00e9brez les petites victoires :<\/strong> Accordez de l&rsquo;importance aux petites r\u00e9alisations et progr\u00e8s que vous faites. Cela renforce votre estime de vous et renforce vos pens\u00e9es positives.<\/li><li><strong>Apprentissage constant :<\/strong> Cultivez une attitude d&rsquo;apprentissage continu. Cherchez \u00e0 acqu\u00e9rir de nouvelles comp\u00e9tences et connaissances, ce qui renforcera votre sentiment de comp\u00e9tence et de confiance.<\/li><li><strong>Pers\u00e9v\u00e9rez :<\/strong> Le processus de reprogrammation mentale prend du temps. Ne vous d\u00e9couragez pas si vous rencontrez des revers. Continuez \u00e0 pratiquer les strat\u00e9gies positives et \u00e0 travailler sur vous-m\u00eame.<\/li><\/ol>\n\n\n\n<p>Il est important de noter que changer sa fa\u00e7on de penser n\u00e9cessite un engagement soutenu. Il ne s&rsquo;agit pas seulement de penser positivement, mais aussi de changer la mani\u00e8re dont votre cerveau est habitu\u00e9 \u00e0 fonctionner. Soyez patient et bienveillant envers vous-m\u00eame pendant ce processus. Si vous avez des difficult\u00e9s persistantes, envisagez de consulter un professionnel de la sant\u00e9 mentale pour obtenir un soutien suppl\u00e9mentaire.<\/p>\n\n\n\n<p class=\"has-vivid-red-color has-text-color has-medium-font-size\"><strong>Vivre mieux, c&rsquo;est possible : Des solutions simples et efficaces sur ma cha\u00eene<\/strong><\/p>\n\n\n\n<iframe width=\"560\" height=\"315\" src=\"https:\/\/www.youtube.com\/embed\/03Pq7OmRVnQ\" title=\"YouTube video player\" frameborder=\"0\" allow=\"accelerometer; autoplay; clipboard-write; encrypted-media; gyroscope; picture-in-picture; web-share\" allowfullscreen><\/iframe>\n<\/div><\/div>","protected":false},"excerpt":{"rendered":"<p>Reprogrammer son cerveau en profondeur pour adopter une pens\u00e9e positive et une confiance en soi in\u00e9branlable est un processus qui&#8230; <a href=\"https:\/\/covid19-a-savoir.net\/index.php\/2023\/08\/18\/comment-reprogrammer-son-cerveau-en-profondeur-changer-totalement-sa-facon-de-penser-pour-etre-toujours-positif-dans-sa-maniere-de-reflechir-et-avoir-une-confiance-en-soi-inebranlable\/\" class=\"readmore\">Read more<span class=\"screen-reader-text\">Comment reprogrammer son cerveau en profondeur changer totalement sa fa\u00e7on de penser pour \u00eatre toujours positif dans sa mani\u00e8re de r\u00e9fl\u00e9chir et avoir une confiance en soi in\u00e9branlable ?<\/span><span class=\"fa fa-angle-double-right\" aria-hidden=\"true\"><\/span><\/a><\/p>\n","protected":false},"author":1,"featured_media":0,"comment_status":"closed","ping_status":"closed","sticky":false,"template":"","format":"standard","meta":{"_jetpack_memberships_contains_paid_content":false,"footnotes":""},"categories":[1],"tags":[],"yoast_head":"<!-- This site is optimized with the Yoast SEO plugin v23.2 - https:\/\/yoast.com\/wordpress\/plugins\/seo\/ -->\n<title>Comment reprogrammer son cerveau en profondeur changer totalement sa fa\u00e7on de penser pour \u00eatre toujours positif dans sa mani\u00e8re de r\u00e9fl\u00e9chir et avoir une confiance en soi in\u00e9branlable ? - Actualit\u00e9s, , .... Apr\u00e8s la p\u00e9riode &quot;covid19&quot;<\/title>\n<meta name=\"robots\" content=\"index, follow, max-snippet:-1, max-image-preview:large, max-video-preview:-1\" \/>\n<link rel=\"canonical\" href=\"https:\/\/covid19-a-savoir.net\/index.php\/2023\/08\/18\/comment-reprogrammer-son-cerveau-en-profondeur-changer-totalement-sa-facon-de-penser-pour-etre-toujours-positif-dans-sa-maniere-de-reflechir-et-avoir-une-confiance-en-soi-inebranlable\/\" \/>\n<meta property=\"og:locale\" content=\"fr_FR\" \/>\n<meta property=\"og:type\" content=\"article\" \/>\n<meta property=\"og:title\" content=\"Comment reprogrammer son cerveau en profondeur changer totalement sa fa\u00e7on de penser pour \u00eatre toujours positif dans sa mani\u00e8re de r\u00e9fl\u00e9chir et avoir une confiance en soi in\u00e9branlable ? - Actualit\u00e9s, , .... Apr\u00e8s la p\u00e9riode &quot;covid19&quot;\" \/>\n<meta property=\"og:description\" content=\"Reprogrammer son cerveau en profondeur pour adopter une pens\u00e9e positive et une confiance en soi in\u00e9branlable est un processus qui... Read moreComment reprogrammer son cerveau en profondeur changer totalement sa fa\u00e7on de penser pour \u00eatre toujours positif dans sa mani\u00e8re de r\u00e9fl\u00e9chir et avoir une confiance en soi in\u00e9branlable ?\" \/>\n<meta property=\"og:url\" content=\"https:\/\/covid19-a-savoir.net\/index.php\/2023\/08\/18\/comment-reprogrammer-son-cerveau-en-profondeur-changer-totalement-sa-facon-de-penser-pour-etre-toujours-positif-dans-sa-maniere-de-reflechir-et-avoir-une-confiance-en-soi-inebranlable\/\" \/>\n<meta property=\"og:site_name\" content=\"Actualit\u00e9s, , .... Apr\u00e8s la p\u00e9riode &quot;covid19&quot;\" \/>\n<meta property=\"article:published_time\" content=\"2023-08-18T21:36:29+00:00\" \/>\n<meta property=\"article:modified_time\" content=\"2023-08-18T21:36:31+00:00\" \/>\n<meta name=\"author\" content=\"GS\" \/>\n<meta name=\"twitter:card\" content=\"summary_large_image\" \/>\n<meta name=\"twitter:label1\" content=\"\u00c9crit par\" \/>\n\t<meta name=\"twitter:data1\" content=\"GS\" \/>\n\t<meta name=\"twitter:label2\" content=\"Dur\u00e9e de lecture estim\u00e9e\" \/>\n\t<meta name=\"twitter:data2\" content=\"2 minutes\" \/>\n<script type=\"application\/ld+json\" class=\"yoast-schema-graph\">{\"@context\":\"https:\/\/schema.org\",\"@graph\":[{\"@type\":\"Article\",\"@id\":\"https:\/\/covid19-a-savoir.net\/index.php\/2023\/08\/18\/comment-reprogrammer-son-cerveau-en-profondeur-changer-totalement-sa-facon-de-penser-pour-etre-toujours-positif-dans-sa-maniere-de-reflechir-et-avoir-une-confiance-en-soi-inebranlable\/#article\",\"isPartOf\":{\"@id\":\"https:\/\/covid19-a-savoir.net\/index.php\/2023\/08\/18\/comment-reprogrammer-son-cerveau-en-profondeur-changer-totalement-sa-facon-de-penser-pour-etre-toujours-positif-dans-sa-maniere-de-reflechir-et-avoir-une-confiance-en-soi-inebranlable\/\"},\"author\":{\"name\":\"GS\",\"@id\":\"https:\/\/covid19-a-savoir.net\/#\/schema\/person\/53265987e4424cc7dde2f857d2b378cf\"},\"headline\":\"Comment reprogrammer son cerveau en profondeur changer totalement sa fa\u00e7on de penser pour \u00eatre toujours positif dans sa mani\u00e8re de r\u00e9fl\u00e9chir et avoir une confiance en soi in\u00e9branlable ?\",\"datePublished\":\"2023-08-18T21:36:29+00:00\",\"dateModified\":\"2023-08-18T21:36:31+00:00\",\"mainEntityOfPage\":{\"@id\":\"https:\/\/covid19-a-savoir.net\/index.php\/2023\/08\/18\/comment-reprogrammer-son-cerveau-en-profondeur-changer-totalement-sa-facon-de-penser-pour-etre-toujours-positif-dans-sa-maniere-de-reflechir-et-avoir-une-confiance-en-soi-inebranlable\/\"},\"wordCount\":498,\"publisher\":{\"@id\":\"https:\/\/covid19-a-savoir.net\/#\/schema\/person\/53265987e4424cc7dde2f857d2b378cf\"},\"articleSection\":[\"covid19\"],\"inLanguage\":\"fr-FR\"},{\"@type\":\"WebPage\",\"@id\":\"https:\/\/covid19-a-savoir.net\/index.php\/2023\/08\/18\/comment-reprogrammer-son-cerveau-en-profondeur-changer-totalement-sa-facon-de-penser-pour-etre-toujours-positif-dans-sa-maniere-de-reflechir-et-avoir-une-confiance-en-soi-inebranlable\/\",\"url\":\"https:\/\/covid19-a-savoir.net\/index.php\/2023\/08\/18\/comment-reprogrammer-son-cerveau-en-profondeur-changer-totalement-sa-facon-de-penser-pour-etre-toujours-positif-dans-sa-maniere-de-reflechir-et-avoir-une-confiance-en-soi-inebranlable\/\",\"name\":\"Comment reprogrammer son cerveau en profondeur changer totalement sa fa\u00e7on de penser pour \u00eatre toujours positif dans sa mani\u00e8re de r\u00e9fl\u00e9chir et avoir une confiance en soi in\u00e9branlable ? - Actualit\u00e9s, , .... Apr\u00e8s la p\u00e9riode &quot;covid19&quot;\",\"isPartOf\":{\"@id\":\"https:\/\/covid19-a-savoir.net\/#website\"},\"datePublished\":\"2023-08-18T21:36:29+00:00\",\"dateModified\":\"2023-08-18T21:36:31+00:00\",\"breadcrumb\":{\"@id\":\"https:\/\/covid19-a-savoir.net\/index.php\/2023\/08\/18\/comment-reprogrammer-son-cerveau-en-profondeur-changer-totalement-sa-facon-de-penser-pour-etre-toujours-positif-dans-sa-maniere-de-reflechir-et-avoir-une-confiance-en-soi-inebranlable\/#breadcrumb\"},\"inLanguage\":\"fr-FR\",\"potentialAction\":[{\"@type\":\"ReadAction\",\"target\":[\"https:\/\/covid19-a-savoir.net\/index.php\/2023\/08\/18\/comment-reprogrammer-son-cerveau-en-profondeur-changer-totalement-sa-facon-de-penser-pour-etre-toujours-positif-dans-sa-maniere-de-reflechir-et-avoir-une-confiance-en-soi-inebranlable\/\"]}]},{\"@type\":\"BreadcrumbList\",\"@id\":\"https:\/\/covid19-a-savoir.net\/index.php\/2023\/08\/18\/comment-reprogrammer-son-cerveau-en-profondeur-changer-totalement-sa-facon-de-penser-pour-etre-toujours-positif-dans-sa-maniere-de-reflechir-et-avoir-une-confiance-en-soi-inebranlable\/#breadcrumb\",\"itemListElement\":[{\"@type\":\"ListItem\",\"position\":1,\"name\":\"Accueil\",\"item\":\"https:\/\/covid19-a-savoir.net\/\"},{\"@type\":\"ListItem\",\"position\":2,\"name\":\"Comment reprogrammer son cerveau en profondeur changer totalement sa fa\u00e7on de penser pour \u00eatre toujours positif dans sa mani\u00e8re de r\u00e9fl\u00e9chir et avoir une confiance en soi in\u00e9branlable ?\"}]},{\"@type\":\"WebSite\",\"@id\":\"https:\/\/covid19-a-savoir.net\/#website\",\"url\":\"https:\/\/covid19-a-savoir.net\/\",\"name\":\"Actualit\u00e9s, , .... Apr\u00e8s la p\u00e9riode &quot;covid19&quot;\",\"description\":\"DES V\u00c9RIT\u00c9S QUI D\u00c9RANGENT\",\"publisher\":{\"@id\":\"https:\/\/covid19-a-savoir.net\/#\/schema\/person\/53265987e4424cc7dde2f857d2b378cf\"},\"potentialAction\":[{\"@type\":\"SearchAction\",\"target\":{\"@type\":\"EntryPoint\",\"urlTemplate\":\"https:\/\/covid19-a-savoir.net\/?s={search_term_string}\"},\"query-input\":\"required name=search_term_string\"}],\"inLanguage\":\"fr-FR\"},{\"@type\":[\"Person\",\"Organization\"],\"@id\":\"https:\/\/covid19-a-savoir.net\/#\/schema\/person\/53265987e4424cc7dde2f857d2b378cf\",\"name\":\"GS\",\"image\":{\"@type\":\"ImageObject\",\"inLanguage\":\"fr-FR\",\"@id\":\"https:\/\/covid19-a-savoir.net\/#\/schema\/person\/image\/\",\"url\":\"https:\/\/covid19-a-savoir.net\/wp-content\/uploads\/2022\/07\/dans-ce-monde-312x312-1.png\",\"contentUrl\":\"https:\/\/covid19-a-savoir.net\/wp-content\/uploads\/2022\/07\/dans-ce-monde-312x312-1.png\",\"width\":312,\"height\":312,\"caption\":\"GS\"},\"logo\":{\"@id\":\"https:\/\/covid19-a-savoir.net\/#\/schema\/person\/image\/\"},\"sameAs\":[\"http:\/\/covid19-a-savoir.net\"],\"url\":\"https:\/\/covid19-a-savoir.net\/index.php\/author\/guido-saverio-sgmail-com\/\"}]}<\/script>\n<!-- \/ Yoast SEO plugin. -->","yoast_head_json":{"title":"Comment reprogrammer son cerveau en profondeur changer totalement sa fa\u00e7on de penser pour \u00eatre toujours positif dans sa mani\u00e8re de r\u00e9fl\u00e9chir et avoir une confiance en soi in\u00e9branlable ? - Actualit\u00e9s, , .... Apr\u00e8s la p\u00e9riode &quot;covid19&quot;","robots":{"index":"index","follow":"follow","max-snippet":"max-snippet:-1","max-image-preview":"max-image-preview:large","max-video-preview":"max-video-preview:-1"},"canonical":"https:\/\/covid19-a-savoir.net\/index.php\/2023\/08\/18\/comment-reprogrammer-son-cerveau-en-profondeur-changer-totalement-sa-facon-de-penser-pour-etre-toujours-positif-dans-sa-maniere-de-reflechir-et-avoir-une-confiance-en-soi-inebranlable\/","og_locale":"fr_FR","og_type":"article","og_title":"Comment reprogrammer son cerveau en profondeur changer totalement sa fa\u00e7on de penser pour \u00eatre toujours positif dans sa mani\u00e8re de r\u00e9fl\u00e9chir et avoir une confiance en soi in\u00e9branlable ? - Actualit\u00e9s, , .... Apr\u00e8s la p\u00e9riode &quot;covid19&quot;","og_description":"Reprogrammer son cerveau en profondeur pour adopter une pens\u00e9e positive et une confiance en soi in\u00e9branlable est un processus qui... Read moreComment reprogrammer son cerveau en profondeur changer totalement sa fa\u00e7on de penser pour \u00eatre toujours positif dans sa mani\u00e8re de r\u00e9fl\u00e9chir et avoir une confiance en soi in\u00e9branlable ?","og_url":"https:\/\/covid19-a-savoir.net\/index.php\/2023\/08\/18\/comment-reprogrammer-son-cerveau-en-profondeur-changer-totalement-sa-facon-de-penser-pour-etre-toujours-positif-dans-sa-maniere-de-reflechir-et-avoir-une-confiance-en-soi-inebranlable\/","og_site_name":"Actualit\u00e9s, , .... Apr\u00e8s la p\u00e9riode &quot;covid19&quot;","article_published_time":"2023-08-18T21:36:29+00:00","article_modified_time":"2023-08-18T21:36:31+00:00","author":"GS","twitter_card":"summary_large_image","twitter_misc":{"\u00c9crit par":"GS","Dur\u00e9e de lecture estim\u00e9e":"2 minutes"},"schema":{"@context":"https:\/\/schema.org","@graph":[{"@type":"Article","@id":"https:\/\/covid19-a-savoir.net\/index.php\/2023\/08\/18\/comment-reprogrammer-son-cerveau-en-profondeur-changer-totalement-sa-facon-de-penser-pour-etre-toujours-positif-dans-sa-maniere-de-reflechir-et-avoir-une-confiance-en-soi-inebranlable\/#article","isPartOf":{"@id":"https:\/\/covid19-a-savoir.net\/index.php\/2023\/08\/18\/comment-reprogrammer-son-cerveau-en-profondeur-changer-totalement-sa-facon-de-penser-pour-etre-toujours-positif-dans-sa-maniere-de-reflechir-et-avoir-une-confiance-en-soi-inebranlable\/"},"author":{"name":"GS","@id":"https:\/\/covid19-a-savoir.net\/#\/schema\/person\/53265987e4424cc7dde2f857d2b378cf"},"headline":"Comment reprogrammer son cerveau en profondeur changer totalement sa fa\u00e7on de penser pour \u00eatre toujours positif dans sa mani\u00e8re de r\u00e9fl\u00e9chir et avoir une confiance en soi in\u00e9branlable ?","datePublished":"2023-08-18T21:36:29+00:00","dateModified":"2023-08-18T21:36:31+00:00","mainEntityOfPage":{"@id":"https:\/\/covid19-a-savoir.net\/index.php\/2023\/08\/18\/comment-reprogrammer-son-cerveau-en-profondeur-changer-totalement-sa-facon-de-penser-pour-etre-toujours-positif-dans-sa-maniere-de-reflechir-et-avoir-une-confiance-en-soi-inebranlable\/"},"wordCount":498,"publisher":{"@id":"https:\/\/covid19-a-savoir.net\/#\/schema\/person\/53265987e4424cc7dde2f857d2b378cf"},"articleSection":["covid19"],"inLanguage":"fr-FR"},{"@type":"WebPage","@id":"https:\/\/covid19-a-savoir.net\/index.php\/2023\/08\/18\/comment-reprogrammer-son-cerveau-en-profondeur-changer-totalement-sa-facon-de-penser-pour-etre-toujours-positif-dans-sa-maniere-de-reflechir-et-avoir-une-confiance-en-soi-inebranlable\/","url":"https:\/\/covid19-a-savoir.net\/index.php\/2023\/08\/18\/comment-reprogrammer-son-cerveau-en-profondeur-changer-totalement-sa-facon-de-penser-pour-etre-toujours-positif-dans-sa-maniere-de-reflechir-et-avoir-une-confiance-en-soi-inebranlable\/","name":"Comment reprogrammer son cerveau en profondeur changer totalement sa fa\u00e7on de penser pour \u00eatre toujours positif dans sa mani\u00e8re de r\u00e9fl\u00e9chir et avoir une confiance en soi in\u00e9branlable ? - Actualit\u00e9s, , .... Apr\u00e8s la p\u00e9riode &quot;covid19&quot;","isPartOf":{"@id":"https:\/\/covid19-a-savoir.net\/#website"},"datePublished":"2023-08-18T21:36:29+00:00","dateModified":"2023-08-18T21:36:31+00:00","breadcrumb":{"@id":"https:\/\/covid19-a-savoir.net\/index.php\/2023\/08\/18\/comment-reprogrammer-son-cerveau-en-profondeur-changer-totalement-sa-facon-de-penser-pour-etre-toujours-positif-dans-sa-maniere-de-reflechir-et-avoir-une-confiance-en-soi-inebranlable\/#breadcrumb"},"inLanguage":"fr-FR","potentialAction":[{"@type":"ReadAction","target":["https:\/\/covid19-a-savoir.net\/index.php\/2023\/08\/18\/comment-reprogrammer-son-cerveau-en-profondeur-changer-totalement-sa-facon-de-penser-pour-etre-toujours-positif-dans-sa-maniere-de-reflechir-et-avoir-une-confiance-en-soi-inebranlable\/"]}]},{"@type":"BreadcrumbList","@id":"https:\/\/covid19-a-savoir.net\/index.php\/2023\/08\/18\/comment-reprogrammer-son-cerveau-en-profondeur-changer-totalement-sa-facon-de-penser-pour-etre-toujours-positif-dans-sa-maniere-de-reflechir-et-avoir-une-confiance-en-soi-inebranlable\/#breadcrumb","itemListElement":[{"@type":"ListItem","position":1,"name":"Accueil","item":"https:\/\/covid19-a-savoir.net\/"},{"@type":"ListItem","position":2,"name":"Comment reprogrammer son cerveau en profondeur changer totalement sa fa\u00e7on de penser pour \u00eatre toujours positif dans sa mani\u00e8re de r\u00e9fl\u00e9chir et avoir une confiance en soi in\u00e9branlable ?"}]},{"@type":"WebSite","@id":"https:\/\/covid19-a-savoir.net\/#website","url":"https:\/\/covid19-a-savoir.net\/","name":"Actualit\u00e9s, , .... Apr\u00e8s la p\u00e9riode &quot;covid19&quot;","description":"DES V\u00c9RIT\u00c9S QUI D\u00c9RANGENT","publisher":{"@id":"https:\/\/covid19-a-savoir.net\/#\/schema\/person\/53265987e4424cc7dde2f857d2b378cf"},"potentialAction":[{"@type":"SearchAction","target":{"@type":"EntryPoint","urlTemplate":"https:\/\/covid19-a-savoir.net\/?s={search_term_string}"},"query-input":"required name=search_term_string"}],"inLanguage":"fr-FR"},{"@type":["Person","Organization"],"@id":"https:\/\/covid19-a-savoir.net\/#\/schema\/person\/53265987e4424cc7dde2f857d2b378cf","name":"GS","image":{"@type":"ImageObject","inLanguage":"fr-FR","@id":"https:\/\/covid19-a-savoir.net\/#\/schema\/person\/image\/","url":"https:\/\/covid19-a-savoir.net\/wp-content\/uploads\/2022\/07\/dans-ce-monde-312x312-1.png","contentUrl":"https:\/\/covid19-a-savoir.net\/wp-content\/uploads\/2022\/07\/dans-ce-monde-312x312-1.png","width":312,"height":312,"caption":"GS"},"logo":{"@id":"https:\/\/covid19-a-savoir.net\/#\/schema\/person\/image\/"},"sameAs":["http:\/\/covid19-a-savoir.net"],"url":"https:\/\/covid19-a-savoir.net\/index.php\/author\/guido-saverio-sgmail-com\/"}]}},"jetpack_sharing_enabled":true,"jetpack_featured_media_url":"","_links":{"self":[{"href":"https:\/\/covid19-a-savoir.net\/index.php\/wp-json\/wp\/v2\/posts\/2772"}],"collection":[{"href":"https:\/\/covid19-a-savoir.net\/index.php\/wp-json\/wp\/v2\/posts"}],"about":[{"href":"https:\/\/covid19-a-savoir.net\/index.php\/wp-json\/wp\/v2\/types\/post"}],"author":[{"embeddable":true,"href":"https:\/\/covid19-a-savoir.net\/index.php\/wp-json\/wp\/v2\/users\/1"}],"replies":[{"embeddable":true,"href":"https:\/\/covid19-a-savoir.net\/index.php\/wp-json\/wp\/v2\/comments?post=2772"}],"version-history":[{"count":1,"href":"https:\/\/covid19-a-savoir.net\/index.php\/wp-json\/wp\/v2\/posts\/2772\/revisions"}],"predecessor-version":[{"id":2773,"href":"https:\/\/covid19-a-savoir.net\/index.php\/wp-json\/wp\/v2\/posts\/2772\/revisions\/2773"}],"wp:attachment":[{"href":"https:\/\/covid19-a-savoir.net\/index.php\/wp-json\/wp\/v2\/media?parent=2772"}],"wp:term":[{"taxonomy":"category","embeddable":true,"href":"https:\/\/covid19-a-savoir.net\/index.php\/wp-json\/wp\/v2\/categories?post=2772"},{"taxonomy":"post_tag","embeddable":true,"href":"https:\/\/covid19-a-savoir.net\/index.php\/wp-json\/wp\/v2\/tags?post=2772"}],"curies":[{"name":"wp","href":"https:\/\/api.w.org\/{rel}","templated":true}]}}