{"id":2735,"date":"2023-08-16T18:42:31","date_gmt":"2023-08-16T18:42:31","guid":{"rendered":"https:\/\/covid19-a-savoir.net\/?p=2735"},"modified":"2023-08-16T18:42:33","modified_gmt":"2023-08-16T18:42:33","slug":"je-minterroge-souvent-sur-le-sens-de-la-vie","status":"publish","type":"post","link":"https:\/\/covid19-a-savoir.net\/index.php\/2023\/08\/16\/je-minterroge-souvent-sur-le-sens-de-la-vie\/","title":{"rendered":"\u00a0Je m&rsquo;interroge souvent sur le sens de la vie"},"content":{"rendered":"<div id=\"dslc-theme-content\"><div id=\"dslc-theme-content-inner\">\n<p><strong>\u00a0je suis totalement perdue. Je m&rsquo;interroge souvent sur le sens de la vie, \u00e0 propos de mon avenir et de qui je souhaite devenir. Je ne trouve aucune r\u00e9ponse. Que faire afin d&rsquo;\u00e9claircir ma vision des choses et de ce que je veux faire ?<\/strong><\/p>\n\n\n\n<p>La question du sens de la vie est profonde et a \u00e9t\u00e9 d\u00e9battue par des philosophes, des scientifiques et des penseurs depuis des si\u00e8cles. C&rsquo;est une question complexe qui n&rsquo;a pas de r\u00e9ponse universellement accept\u00e9e, car elle peut varier en fonction des croyances, des perspectives culturelles et individuelles.<\/p>\n\n\n\n<p>Certains pensent que le sens de la vie peut \u00eatre trouv\u00e9 \u00e0 travers des dimensions religieuses ou spirituelles, en suivant des enseignements ou des principes moraux sp\u00e9cifiques. D&rsquo;autres consid\u00e8rent que le sens de la vie r\u00e9side dans la poursuite du bonheur, dans la r\u00e9alisation de soi, ou dans la cr\u00e9ation d&rsquo;un impact positif sur le monde qui nous entoure.<\/p>\n\n\n\n<p>D&rsquo;un point de vue philosophique, certaines \u00e9coles de pens\u00e9e sugg\u00e8rent que le sens de la vie doit \u00eatre construit ou d\u00e9couvert par chaque individu, en fonction de ses propres valeurs, exp\u00e9riences et aspirations. D&rsquo;autres pensent que la qu\u00eate du sens est intrins\u00e8quement li\u00e9e \u00e0 notre capacit\u00e9 \u00e0 donner un sens \u00e0 nos actions et \u00e0 nos relations.<\/p>\n\n\n\n<p>La science moderne n&rsquo;a pas de r\u00e9ponse d\u00e9finitive \u00e0 la question du sens de la vie, mais elle peut offrir des perspectives sur l&rsquo;\u00e9volution de la vie sur Terre et sur l&rsquo;univers. La biologie, l&rsquo;astronomie et d&rsquo;autres disciplines peuvent nous aider \u00e0 comprendre notre place dans l&rsquo;univers, mais elles ne r\u00e9pondent pas n\u00e9cessairement \u00e0 la question du \u00ab pourquoi \u00bb.<\/p>\n\n\n\n<p>Il est normal de ressentir des interrogations sur le sens de la vie. Cette r\u00e9flexion peut \u00eatre personnelle et \u00e9voluer au fil du temps. Certaines personnes trouvent le sens dans la cr\u00e9ativit\u00e9, les relations sociales, la recherche de connaissances ou la contribution \u00e0 la soci\u00e9t\u00e9. La cl\u00e9 est de poursuivre une exploration personnelle et de trouver ce qui r\u00e9sonne le plus avec vous et donne un sentiment de but et de satisfaction.<\/p>\n\n\n\n<p>Chercher le sens de la vie est une qu\u00eate personnelle et profonde qui peut \u00e9voluer tout au long de votre vie. Voici quelques \u00e9tapes et id\u00e9es qui pourraient vous aider dans cette recherche :<\/p>\n\n\n\n<ol><li><strong>Auto-r\u00e9flexion :<\/strong> Prenez du temps pour r\u00e9fl\u00e9chir sur vos valeurs, vos passions, vos int\u00e9r\u00eats et vos exp\u00e9riences. Pensez \u00e0 ce qui vous rend heureux, ce qui vous inspire et ce qui vous motive.<\/li><li><strong>Explorez diff\u00e9rentes perspectives :<\/strong> Lisez des livres, \u00e9coutez des conf\u00e9rences, discutez avec des personnes ayant des croyances et des perspectives diff\u00e9rentes. Cela peut vous aider \u00e0 \u00e9largir votre compr\u00e9hension et \u00e0 consid\u00e9rer diff\u00e9rentes id\u00e9es sur le sens de la vie.<\/li><li><strong>D\u00e9finissez vos objectifs personnels :<\/strong> \u00c9tablissez des objectifs qui sont significatifs pour vous. Cela peut \u00eatre li\u00e9 \u00e0 votre carri\u00e8re, \u00e0 vos relations, \u00e0 vos activit\u00e9s cr\u00e9atives, ou \u00e0 tout ce qui vous passionne.<\/li><li><strong>Pratiquez la gratitude :<\/strong> Prenez l&rsquo;habitude de reconna\u00eetre et d&rsquo;appr\u00e9cier les moments positifs dans votre vie. Cela peut vous aider \u00e0 d\u00e9velopper une perspective plus positive et \u00e0 trouver du sens dans les petites choses quotidiennes.<\/li><li><strong>Faites preuve d&rsquo;altruisme :<\/strong> Contribuer positivement \u00e0 la vie des autres peut apporter un sentiment de sens et d&rsquo;accomplissement. Trouvez des moyens de vous engager dans des actions altruistes, que ce soit en aidant une personne dans le besoin ou en soutenant des causes qui vous tiennent \u00e0 c\u0153ur.<\/li><li><strong>Pratiquez la m\u00e9ditation ou la pleine conscience :<\/strong> La m\u00e9ditation et la pleine conscience peuvent vous aider \u00e0 vous connecter avec vous-m\u00eame, \u00e0 calmer votre esprit et \u00e0 d\u00e9velopper une plus grande clart\u00e9 sur vos aspirations et votre sens de la vie.<\/li><li><strong>Explorez la spiritualit\u00e9 :<\/strong> Si vous avez des croyances spirituelles, explorez-les davantage. Cela peut impliquer la m\u00e9ditation, la pri\u00e8re, la lecture de textes sacr\u00e9s ou la participation \u00e0 des communaut\u00e9s religieuses.<\/li><li><strong>Apprenez de vos exp\u00e9riences :<\/strong> Les moments difficiles et les d\u00e9fis de la vie peuvent aussi contribuer \u00e0 votre qu\u00eate de sens. R\u00e9fl\u00e9chissez \u00e0 ce que vous avez appris de ces exp\u00e9riences et comment elles ont fa\u00e7onn\u00e9 votre perspective.<\/li><li><strong>\u00c9tablissez des liens significatifs :<\/strong> Les relations sociales et les connexions avec les autres peuvent apporter un profond sens \u00e0 la vie. Investissez dans des relations authentiques et positives.<\/li><li><strong>Restez ouvert au changement :<\/strong> Votre compr\u00e9hension du sens de la vie peut \u00e9voluer avec le temps. Restez ouvert \u00e0 de nouvelles id\u00e9es, exp\u00e9riences et opportunit\u00e9s.<\/li><\/ol>\n\n\n\n<p>N&rsquo;oubliez pas que la recherche du sens de la vie est personnelle et qu&rsquo;il n&rsquo;y a pas de r\u00e9ponse universelle. L&rsquo;important est de trouver ce qui r\u00e9sonne avec vous et vous apporte un sentiment de but et de satisfaction. Soyez patient et indulgent envers vous-m\u00eame pendant cette recherche continue.<\/p>\n\n\n\n<p><\/p>\n<\/div><\/div>","protected":false},"excerpt":{"rendered":"<p>\u00a0je suis totalement perdue. Je m&rsquo;interroge souvent sur le sens de la vie, \u00e0 propos de mon avenir et de&#8230; <a href=\"https:\/\/covid19-a-savoir.net\/index.php\/2023\/08\/16\/je-minterroge-souvent-sur-le-sens-de-la-vie\/\" class=\"readmore\">Read more<span class=\"screen-reader-text\">\u00a0Je m&rsquo;interroge souvent sur le sens de la vie<\/span><span class=\"fa fa-angle-double-right\" aria-hidden=\"true\"><\/span><\/a><\/p>\n","protected":false},"author":1,"featured_media":0,"comment_status":"closed","ping_status":"closed","sticky":false,"template":"","format":"standard","meta":{"_jetpack_memberships_contains_paid_content":false,"footnotes":""},"categories":[1],"tags":[],"yoast_head":"<!-- This site is optimized with the Yoast SEO plugin v23.2 - https:\/\/yoast.com\/wordpress\/plugins\/seo\/ -->\n<title>\u00a0Je m&#039;interroge souvent sur le sens de la vie - Actualit\u00e9s, , .... Apr\u00e8s la p\u00e9riode &quot;covid19&quot;<\/title>\n<meta name=\"robots\" content=\"index, follow, max-snippet:-1, max-image-preview:large, max-video-preview:-1\" \/>\n<link rel=\"canonical\" href=\"https:\/\/covid19-a-savoir.net\/index.php\/2023\/08\/16\/je-minterroge-souvent-sur-le-sens-de-la-vie\/\" \/>\n<meta property=\"og:locale\" content=\"fr_FR\" \/>\n<meta property=\"og:type\" content=\"article\" \/>\n<meta property=\"og:title\" content=\"\u00a0Je m&#039;interroge souvent sur le sens de la vie - Actualit\u00e9s, , .... Apr\u00e8s la p\u00e9riode &quot;covid19&quot;\" \/>\n<meta property=\"og:description\" content=\"\u00a0je suis totalement perdue. Je m&rsquo;interroge souvent sur le sens de la vie, \u00e0 propos de mon avenir et de... Read more\u00a0Je m&rsquo;interroge souvent sur le sens de la vie\" \/>\n<meta property=\"og:url\" content=\"https:\/\/covid19-a-savoir.net\/index.php\/2023\/08\/16\/je-minterroge-souvent-sur-le-sens-de-la-vie\/\" \/>\n<meta property=\"og:site_name\" content=\"Actualit\u00e9s, , .... Apr\u00e8s la p\u00e9riode &quot;covid19&quot;\" \/>\n<meta property=\"article:published_time\" content=\"2023-08-16T18:42:31+00:00\" \/>\n<meta property=\"article:modified_time\" content=\"2023-08-16T18:42:33+00:00\" \/>\n<meta name=\"author\" content=\"GS\" \/>\n<meta name=\"twitter:card\" content=\"summary_large_image\" \/>\n<meta name=\"twitter:label1\" content=\"\u00c9crit par\" \/>\n\t<meta name=\"twitter:data1\" content=\"GS\" \/>\n\t<meta name=\"twitter:label2\" content=\"Dur\u00e9e de lecture estim\u00e9e\" \/>\n\t<meta name=\"twitter:data2\" content=\"4 minutes\" \/>\n<script type=\"application\/ld+json\" class=\"yoast-schema-graph\">{\"@context\":\"https:\/\/schema.org\",\"@graph\":[{\"@type\":\"Article\",\"@id\":\"https:\/\/covid19-a-savoir.net\/index.php\/2023\/08\/16\/je-minterroge-souvent-sur-le-sens-de-la-vie\/#article\",\"isPartOf\":{\"@id\":\"https:\/\/covid19-a-savoir.net\/index.php\/2023\/08\/16\/je-minterroge-souvent-sur-le-sens-de-la-vie\/\"},\"author\":{\"name\":\"GS\",\"@id\":\"https:\/\/covid19-a-savoir.net\/#\/schema\/person\/53265987e4424cc7dde2f857d2b378cf\"},\"headline\":\"\u00a0Je m&rsquo;interroge souvent sur le sens de la vie\",\"datePublished\":\"2023-08-16T18:42:31+00:00\",\"dateModified\":\"2023-08-16T18:42:33+00:00\",\"mainEntityOfPage\":{\"@id\":\"https:\/\/covid19-a-savoir.net\/index.php\/2023\/08\/16\/je-minterroge-souvent-sur-le-sens-de-la-vie\/\"},\"wordCount\":821,\"publisher\":{\"@id\":\"https:\/\/covid19-a-savoir.net\/#\/schema\/person\/53265987e4424cc7dde2f857d2b378cf\"},\"articleSection\":[\"covid19\"],\"inLanguage\":\"fr-FR\"},{\"@type\":\"WebPage\",\"@id\":\"https:\/\/covid19-a-savoir.net\/index.php\/2023\/08\/16\/je-minterroge-souvent-sur-le-sens-de-la-vie\/\",\"url\":\"https:\/\/covid19-a-savoir.net\/index.php\/2023\/08\/16\/je-minterroge-souvent-sur-le-sens-de-la-vie\/\",\"name\":\"\u00a0Je m'interroge souvent sur le sens de la vie - Actualit\u00e9s, , .... Apr\u00e8s la p\u00e9riode &quot;covid19&quot;\",\"isPartOf\":{\"@id\":\"https:\/\/covid19-a-savoir.net\/#website\"},\"datePublished\":\"2023-08-16T18:42:31+00:00\",\"dateModified\":\"2023-08-16T18:42:33+00:00\",\"breadcrumb\":{\"@id\":\"https:\/\/covid19-a-savoir.net\/index.php\/2023\/08\/16\/je-minterroge-souvent-sur-le-sens-de-la-vie\/#breadcrumb\"},\"inLanguage\":\"fr-FR\",\"potentialAction\":[{\"@type\":\"ReadAction\",\"target\":[\"https:\/\/covid19-a-savoir.net\/index.php\/2023\/08\/16\/je-minterroge-souvent-sur-le-sens-de-la-vie\/\"]}]},{\"@type\":\"BreadcrumbList\",\"@id\":\"https:\/\/covid19-a-savoir.net\/index.php\/2023\/08\/16\/je-minterroge-souvent-sur-le-sens-de-la-vie\/#breadcrumb\",\"itemListElement\":[{\"@type\":\"ListItem\",\"position\":1,\"name\":\"Accueil\",\"item\":\"https:\/\/covid19-a-savoir.net\/\"},{\"@type\":\"ListItem\",\"position\":2,\"name\":\"\u00a0Je m&#8217;interroge souvent sur le sens de la vie\"}]},{\"@type\":\"WebSite\",\"@id\":\"https:\/\/covid19-a-savoir.net\/#website\",\"url\":\"https:\/\/covid19-a-savoir.net\/\",\"name\":\"Actualit\u00e9s, , .... Apr\u00e8s la p\u00e9riode &quot;covid19&quot;\",\"description\":\"DES V\u00c9RIT\u00c9S QUI D\u00c9RANGENT\",\"publisher\":{\"@id\":\"https:\/\/covid19-a-savoir.net\/#\/schema\/person\/53265987e4424cc7dde2f857d2b378cf\"},\"potentialAction\":[{\"@type\":\"SearchAction\",\"target\":{\"@type\":\"EntryPoint\",\"urlTemplate\":\"https:\/\/covid19-a-savoir.net\/?s={search_term_string}\"},\"query-input\":\"required name=search_term_string\"}],\"inLanguage\":\"fr-FR\"},{\"@type\":[\"Person\",\"Organization\"],\"@id\":\"https:\/\/covid19-a-savoir.net\/#\/schema\/person\/53265987e4424cc7dde2f857d2b378cf\",\"name\":\"GS\",\"image\":{\"@type\":\"ImageObject\",\"inLanguage\":\"fr-FR\",\"@id\":\"https:\/\/covid19-a-savoir.net\/#\/schema\/person\/image\/\",\"url\":\"https:\/\/covid19-a-savoir.net\/wp-content\/uploads\/2022\/07\/dans-ce-monde-312x312-1.png\",\"contentUrl\":\"https:\/\/covid19-a-savoir.net\/wp-content\/uploads\/2022\/07\/dans-ce-monde-312x312-1.png\",\"width\":312,\"height\":312,\"caption\":\"GS\"},\"logo\":{\"@id\":\"https:\/\/covid19-a-savoir.net\/#\/schema\/person\/image\/\"},\"sameAs\":[\"http:\/\/covid19-a-savoir.net\"],\"url\":\"https:\/\/covid19-a-savoir.net\/index.php\/author\/guido-saverio-sgmail-com\/\"}]}<\/script>\n<!-- \/ Yoast SEO plugin. -->","yoast_head_json":{"title":"\u00a0Je m'interroge souvent sur le sens de la vie - Actualit\u00e9s, , .... Apr\u00e8s la p\u00e9riode &quot;covid19&quot;","robots":{"index":"index","follow":"follow","max-snippet":"max-snippet:-1","max-image-preview":"max-image-preview:large","max-video-preview":"max-video-preview:-1"},"canonical":"https:\/\/covid19-a-savoir.net\/index.php\/2023\/08\/16\/je-minterroge-souvent-sur-le-sens-de-la-vie\/","og_locale":"fr_FR","og_type":"article","og_title":"\u00a0Je m'interroge souvent sur le sens de la vie - Actualit\u00e9s, , .... Apr\u00e8s la p\u00e9riode &quot;covid19&quot;","og_description":"\u00a0je suis totalement perdue. Je m&rsquo;interroge souvent sur le sens de la vie, \u00e0 propos de mon avenir et de... Read more\u00a0Je m&rsquo;interroge souvent sur le sens de la vie","og_url":"https:\/\/covid19-a-savoir.net\/index.php\/2023\/08\/16\/je-minterroge-souvent-sur-le-sens-de-la-vie\/","og_site_name":"Actualit\u00e9s, , .... Apr\u00e8s la p\u00e9riode &quot;covid19&quot;","article_published_time":"2023-08-16T18:42:31+00:00","article_modified_time":"2023-08-16T18:42:33+00:00","author":"GS","twitter_card":"summary_large_image","twitter_misc":{"\u00c9crit par":"GS","Dur\u00e9e de lecture estim\u00e9e":"4 minutes"},"schema":{"@context":"https:\/\/schema.org","@graph":[{"@type":"Article","@id":"https:\/\/covid19-a-savoir.net\/index.php\/2023\/08\/16\/je-minterroge-souvent-sur-le-sens-de-la-vie\/#article","isPartOf":{"@id":"https:\/\/covid19-a-savoir.net\/index.php\/2023\/08\/16\/je-minterroge-souvent-sur-le-sens-de-la-vie\/"},"author":{"name":"GS","@id":"https:\/\/covid19-a-savoir.net\/#\/schema\/person\/53265987e4424cc7dde2f857d2b378cf"},"headline":"\u00a0Je m&rsquo;interroge souvent sur le sens de la vie","datePublished":"2023-08-16T18:42:31+00:00","dateModified":"2023-08-16T18:42:33+00:00","mainEntityOfPage":{"@id":"https:\/\/covid19-a-savoir.net\/index.php\/2023\/08\/16\/je-minterroge-souvent-sur-le-sens-de-la-vie\/"},"wordCount":821,"publisher":{"@id":"https:\/\/covid19-a-savoir.net\/#\/schema\/person\/53265987e4424cc7dde2f857d2b378cf"},"articleSection":["covid19"],"inLanguage":"fr-FR"},{"@type":"WebPage","@id":"https:\/\/covid19-a-savoir.net\/index.php\/2023\/08\/16\/je-minterroge-souvent-sur-le-sens-de-la-vie\/","url":"https:\/\/covid19-a-savoir.net\/index.php\/2023\/08\/16\/je-minterroge-souvent-sur-le-sens-de-la-vie\/","name":"\u00a0Je m'interroge souvent sur le sens de la vie - Actualit\u00e9s, , .... Apr\u00e8s la p\u00e9riode &quot;covid19&quot;","isPartOf":{"@id":"https:\/\/covid19-a-savoir.net\/#website"},"datePublished":"2023-08-16T18:42:31+00:00","dateModified":"2023-08-16T18:42:33+00:00","breadcrumb":{"@id":"https:\/\/covid19-a-savoir.net\/index.php\/2023\/08\/16\/je-minterroge-souvent-sur-le-sens-de-la-vie\/#breadcrumb"},"inLanguage":"fr-FR","potentialAction":[{"@type":"ReadAction","target":["https:\/\/covid19-a-savoir.net\/index.php\/2023\/08\/16\/je-minterroge-souvent-sur-le-sens-de-la-vie\/"]}]},{"@type":"BreadcrumbList","@id":"https:\/\/covid19-a-savoir.net\/index.php\/2023\/08\/16\/je-minterroge-souvent-sur-le-sens-de-la-vie\/#breadcrumb","itemListElement":[{"@type":"ListItem","position":1,"name":"Accueil","item":"https:\/\/covid19-a-savoir.net\/"},{"@type":"ListItem","position":2,"name":"\u00a0Je m&#8217;interroge souvent sur le sens de la vie"}]},{"@type":"WebSite","@id":"https:\/\/covid19-a-savoir.net\/#website","url":"https:\/\/covid19-a-savoir.net\/","name":"Actualit\u00e9s, , .... Apr\u00e8s la p\u00e9riode &quot;covid19&quot;","description":"DES V\u00c9RIT\u00c9S QUI D\u00c9RANGENT","publisher":{"@id":"https:\/\/covid19-a-savoir.net\/#\/schema\/person\/53265987e4424cc7dde2f857d2b378cf"},"potentialAction":[{"@type":"SearchAction","target":{"@type":"EntryPoint","urlTemplate":"https:\/\/covid19-a-savoir.net\/?s={search_term_string}"},"query-input":"required name=search_term_string"}],"inLanguage":"fr-FR"},{"@type":["Person","Organization"],"@id":"https:\/\/covid19-a-savoir.net\/#\/schema\/person\/53265987e4424cc7dde2f857d2b378cf","name":"GS","image":{"@type":"ImageObject","inLanguage":"fr-FR","@id":"https:\/\/covid19-a-savoir.net\/#\/schema\/person\/image\/","url":"https:\/\/covid19-a-savoir.net\/wp-content\/uploads\/2022\/07\/dans-ce-monde-312x312-1.png","contentUrl":"https:\/\/covid19-a-savoir.net\/wp-content\/uploads\/2022\/07\/dans-ce-monde-312x312-1.png","width":312,"height":312,"caption":"GS"},"logo":{"@id":"https:\/\/covid19-a-savoir.net\/#\/schema\/person\/image\/"},"sameAs":["http:\/\/covid19-a-savoir.net"],"url":"https:\/\/covid19-a-savoir.net\/index.php\/author\/guido-saverio-sgmail-com\/"}]}},"jetpack_sharing_enabled":true,"jetpack_featured_media_url":"","_links":{"self":[{"href":"https:\/\/covid19-a-savoir.net\/index.php\/wp-json\/wp\/v2\/posts\/2735"}],"collection":[{"href":"https:\/\/covid19-a-savoir.net\/index.php\/wp-json\/wp\/v2\/posts"}],"about":[{"href":"https:\/\/covid19-a-savoir.net\/index.php\/wp-json\/wp\/v2\/types\/post"}],"author":[{"embeddable":true,"href":"https:\/\/covid19-a-savoir.net\/index.php\/wp-json\/wp\/v2\/users\/1"}],"replies":[{"embeddable":true,"href":"https:\/\/covid19-a-savoir.net\/index.php\/wp-json\/wp\/v2\/comments?post=2735"}],"version-history":[{"count":1,"href":"https:\/\/covid19-a-savoir.net\/index.php\/wp-json\/wp\/v2\/posts\/2735\/revisions"}],"predecessor-version":[{"id":2736,"href":"https:\/\/covid19-a-savoir.net\/index.php\/wp-json\/wp\/v2\/posts\/2735\/revisions\/2736"}],"wp:attachment":[{"href":"https:\/\/covid19-a-savoir.net\/index.php\/wp-json\/wp\/v2\/media?parent=2735"}],"wp:term":[{"taxonomy":"category","embeddable":true,"href":"https:\/\/covid19-a-savoir.net\/index.php\/wp-json\/wp\/v2\/categories?post=2735"},{"taxonomy":"post_tag","embeddable":true,"href":"https:\/\/covid19-a-savoir.net\/index.php\/wp-json\/wp\/v2\/tags?post=2735"}],"curies":[{"name":"wp","href":"https:\/\/api.w.org\/{rel}","templated":true}]}}