{"id":2733,"date":"2023-08-16T18:40:36","date_gmt":"2023-08-16T18:40:36","guid":{"rendered":"https:\/\/covid19-a-savoir.net\/?p=2733"},"modified":"2023-08-16T18:40:39","modified_gmt":"2023-08-16T18:40:39","slug":"je-narrive-pas-a-rester-positif","status":"publish","type":"post","link":"https:\/\/covid19-a-savoir.net\/index.php\/2023\/08\/16\/je-narrive-pas-a-rester-positif\/","title":{"rendered":"Je n&rsquo;arrive pas \u00e0 rester positif !"},"content":{"rendered":"<div id=\"dslc-theme-content\"><div id=\"dslc-theme-content-inner\">\n<p>Il est tout \u00e0 fait normal de traverser des p\u00e9riodes o\u00f9 il est difficile de rester positif. La vie est pleine de hauts et de bas, et il est important de se rappeler que ressentir des \u00e9motions n\u00e9gatives de temps en temps fait partie de l&rsquo;exp\u00e9rience humaine. Cependant, il existe des strat\u00e9gies qui peuvent vous aider \u00e0 cultiver une perspective plus positive :<\/p>\n\n\n\n<ol><li><strong>Pratiquez la gratitude :<\/strong> Prenez quelques minutes chaque jour pour r\u00e9fl\u00e9chir \u00e0 ce pour quoi vous \u00eates reconnaissant. Cela peut aider \u00e0 changer votre focus des aspects n\u00e9gatifs vers les aspects positifs de votre vie.<\/li><li><strong>Entourez-vous de personnes positives :<\/strong> Passez du temps avec des amis et des proches qui vous soutiennent et vous encouragent. \u00c9vitez autant que possible les personnes toxiques ou n\u00e9gatives.<\/li><li><strong>Faites de l&rsquo;exercice physique :<\/strong> L&rsquo;exercice lib\u00e8re des endorphines, des substances chimiques qui favorisent le bien-\u00eatre et peuvent am\u00e9liorer votre humeur.<\/li><li><strong>Pratiquez la pleine conscience :<\/strong> La m\u00e9ditation et la pleine conscience peuvent vous aider \u00e0 vous ancrer dans le moment pr\u00e9sent, r\u00e9duisant ainsi l&rsquo;anxi\u00e9t\u00e9 et le stress.<\/li><li><strong>Fixez-vous des objectifs r\u00e9alisables :<\/strong> Avoir des objectifs clairs et atteignables peut vous aider \u00e0 ressentir un sentiment d&rsquo;accomplissement et \u00e0 rester motiv\u00e9.<\/li><li><strong>Pratiquez l&rsquo;auto-compassion :<\/strong> Soyez gentil avec vous-m\u00eame et traitez-vous avec la m\u00eame bienveillance que vous le feriez pour un ami. Acceptez vos imperfections.<\/li><li><strong>\u00c9vitez la comparaison avec les autres :<\/strong> La comparaison constante avec les autres peut mener \u00e0 des sentiments d&rsquo;ins\u00e9curit\u00e9 et d&rsquo;insatisfaction. Concentrez-vous sur votre propre parcours.<\/li><li><strong>Pratiquez des activit\u00e9s qui vous plaisent :<\/strong> Faites des choses qui vous rendent heureux et vous permettent de vous d\u00e9tendre, que ce soit lire, \u00e9couter de la musique, cuisiner, etc.<\/li><li><strong>Demandez de l&rsquo;aide si n\u00e9cessaire :<\/strong> Si vos sentiments n\u00e9gatifs persistent et commencent \u00e0 affecter s\u00e9rieusement votre vie quotidienne, il peut \u00eatre utile de parler \u00e0 un professionnel de la sant\u00e9 mentale.<\/li><li><strong>Donnez-vous du temps :<\/strong> Les \u00e9motions fluctuent naturellement. Acceptez que les moments difficiles ne durent pas \u00e9ternellement et que vous retrouverez \u00e9ventuellement une perspective plus positive.<\/li><\/ol>\n\n\n\n<p>Rappelez-vous que changer sa perspective n\u00e9cessite du temps et des efforts constants. Soyez patient avec vous-m\u00eame et n&rsquo;h\u00e9sitez pas \u00e0 essayer diff\u00e9rentes strat\u00e9gies pour voir celles qui fonctionnent le mieux pour vous.<\/p>\n\n\n\n<p><\/p>\n\n\n\n<iframe width=\"560\" height=\"315\" src=\"https:\/\/www.youtube.com\/embed\/CrL2t354_1w\" title=\"YouTube video player\" frameborder=\"0\" allow=\"accelerometer; autoplay; clipboard-write; encrypted-media; gyroscope; picture-in-picture; web-share\" allowfullscreen><\/iframe>\n<\/div><\/div>","protected":false},"excerpt":{"rendered":"<p>Il est tout \u00e0 fait normal de traverser des p\u00e9riodes o\u00f9 il est difficile de rester positif. La vie est&#8230; <a href=\"https:\/\/covid19-a-savoir.net\/index.php\/2023\/08\/16\/je-narrive-pas-a-rester-positif\/\" class=\"readmore\">Read more<span class=\"screen-reader-text\">Je n&rsquo;arrive pas \u00e0 rester positif !<\/span><span class=\"fa fa-angle-double-right\" aria-hidden=\"true\"><\/span><\/a><\/p>\n","protected":false},"author":1,"featured_media":0,"comment_status":"closed","ping_status":"closed","sticky":false,"template":"","format":"standard","meta":{"_jetpack_memberships_contains_paid_content":false,"footnotes":""},"categories":[1],"tags":[],"yoast_head":"<!-- This site is optimized with the Yoast SEO plugin v23.2 - https:\/\/yoast.com\/wordpress\/plugins\/seo\/ -->\n<title>Je n&#039;arrive pas \u00e0 rester positif ! - Actualit\u00e9s, , .... Apr\u00e8s la p\u00e9riode &quot;covid19&quot;<\/title>\n<meta name=\"robots\" content=\"index, follow, max-snippet:-1, max-image-preview:large, max-video-preview:-1\" \/>\n<link rel=\"canonical\" href=\"https:\/\/covid19-a-savoir.net\/index.php\/2023\/08\/16\/je-narrive-pas-a-rester-positif\/\" \/>\n<meta property=\"og:locale\" content=\"fr_FR\" \/>\n<meta property=\"og:type\" content=\"article\" \/>\n<meta property=\"og:title\" content=\"Je n&#039;arrive pas \u00e0 rester positif ! - Actualit\u00e9s, , .... Apr\u00e8s la p\u00e9riode &quot;covid19&quot;\" \/>\n<meta property=\"og:description\" content=\"Il est tout \u00e0 fait normal de traverser des p\u00e9riodes o\u00f9 il est difficile de rester positif. La vie est... Read moreJe n&rsquo;arrive pas \u00e0 rester positif !\" \/>\n<meta property=\"og:url\" content=\"https:\/\/covid19-a-savoir.net\/index.php\/2023\/08\/16\/je-narrive-pas-a-rester-positif\/\" \/>\n<meta property=\"og:site_name\" content=\"Actualit\u00e9s, , .... Apr\u00e8s la p\u00e9riode &quot;covid19&quot;\" \/>\n<meta property=\"article:published_time\" content=\"2023-08-16T18:40:36+00:00\" \/>\n<meta property=\"article:modified_time\" content=\"2023-08-16T18:40:39+00:00\" \/>\n<meta name=\"author\" content=\"GS\" \/>\n<meta name=\"twitter:card\" content=\"summary_large_image\" \/>\n<meta name=\"twitter:label1\" content=\"\u00c9crit par\" \/>\n\t<meta name=\"twitter:data1\" content=\"GS\" \/>\n\t<meta name=\"twitter:label2\" content=\"Dur\u00e9e de lecture estim\u00e9e\" \/>\n\t<meta name=\"twitter:data2\" content=\"2 minutes\" \/>\n<script type=\"application\/ld+json\" class=\"yoast-schema-graph\">{\"@context\":\"https:\/\/schema.org\",\"@graph\":[{\"@type\":\"Article\",\"@id\":\"https:\/\/covid19-a-savoir.net\/index.php\/2023\/08\/16\/je-narrive-pas-a-rester-positif\/#article\",\"isPartOf\":{\"@id\":\"https:\/\/covid19-a-savoir.net\/index.php\/2023\/08\/16\/je-narrive-pas-a-rester-positif\/\"},\"author\":{\"name\":\"GS\",\"@id\":\"https:\/\/covid19-a-savoir.net\/#\/schema\/person\/53265987e4424cc7dde2f857d2b378cf\"},\"headline\":\"Je n&rsquo;arrive pas \u00e0 rester positif !\",\"datePublished\":\"2023-08-16T18:40:36+00:00\",\"dateModified\":\"2023-08-16T18:40:39+00:00\",\"mainEntityOfPage\":{\"@id\":\"https:\/\/covid19-a-savoir.net\/index.php\/2023\/08\/16\/je-narrive-pas-a-rester-positif\/\"},\"wordCount\":379,\"publisher\":{\"@id\":\"https:\/\/covid19-a-savoir.net\/#\/schema\/person\/53265987e4424cc7dde2f857d2b378cf\"},\"articleSection\":[\"covid19\"],\"inLanguage\":\"fr-FR\"},{\"@type\":\"WebPage\",\"@id\":\"https:\/\/covid19-a-savoir.net\/index.php\/2023\/08\/16\/je-narrive-pas-a-rester-positif\/\",\"url\":\"https:\/\/covid19-a-savoir.net\/index.php\/2023\/08\/16\/je-narrive-pas-a-rester-positif\/\",\"name\":\"Je n'arrive pas \u00e0 rester positif ! - Actualit\u00e9s, , .... Apr\u00e8s la p\u00e9riode &quot;covid19&quot;\",\"isPartOf\":{\"@id\":\"https:\/\/covid19-a-savoir.net\/#website\"},\"datePublished\":\"2023-08-16T18:40:36+00:00\",\"dateModified\":\"2023-08-16T18:40:39+00:00\",\"breadcrumb\":{\"@id\":\"https:\/\/covid19-a-savoir.net\/index.php\/2023\/08\/16\/je-narrive-pas-a-rester-positif\/#breadcrumb\"},\"inLanguage\":\"fr-FR\",\"potentialAction\":[{\"@type\":\"ReadAction\",\"target\":[\"https:\/\/covid19-a-savoir.net\/index.php\/2023\/08\/16\/je-narrive-pas-a-rester-positif\/\"]}]},{\"@type\":\"BreadcrumbList\",\"@id\":\"https:\/\/covid19-a-savoir.net\/index.php\/2023\/08\/16\/je-narrive-pas-a-rester-positif\/#breadcrumb\",\"itemListElement\":[{\"@type\":\"ListItem\",\"position\":1,\"name\":\"Accueil\",\"item\":\"https:\/\/covid19-a-savoir.net\/\"},{\"@type\":\"ListItem\",\"position\":2,\"name\":\"Je n&#8217;arrive pas \u00e0 rester positif !\"}]},{\"@type\":\"WebSite\",\"@id\":\"https:\/\/covid19-a-savoir.net\/#website\",\"url\":\"https:\/\/covid19-a-savoir.net\/\",\"name\":\"Actualit\u00e9s, , .... Apr\u00e8s la p\u00e9riode &quot;covid19&quot;\",\"description\":\"DES V\u00c9RIT\u00c9S QUI D\u00c9RANGENT\",\"publisher\":{\"@id\":\"https:\/\/covid19-a-savoir.net\/#\/schema\/person\/53265987e4424cc7dde2f857d2b378cf\"},\"potentialAction\":[{\"@type\":\"SearchAction\",\"target\":{\"@type\":\"EntryPoint\",\"urlTemplate\":\"https:\/\/covid19-a-savoir.net\/?s={search_term_string}\"},\"query-input\":\"required name=search_term_string\"}],\"inLanguage\":\"fr-FR\"},{\"@type\":[\"Person\",\"Organization\"],\"@id\":\"https:\/\/covid19-a-savoir.net\/#\/schema\/person\/53265987e4424cc7dde2f857d2b378cf\",\"name\":\"GS\",\"image\":{\"@type\":\"ImageObject\",\"inLanguage\":\"fr-FR\",\"@id\":\"https:\/\/covid19-a-savoir.net\/#\/schema\/person\/image\/\",\"url\":\"https:\/\/covid19-a-savoir.net\/wp-content\/uploads\/2022\/07\/dans-ce-monde-312x312-1.png\",\"contentUrl\":\"https:\/\/covid19-a-savoir.net\/wp-content\/uploads\/2022\/07\/dans-ce-monde-312x312-1.png\",\"width\":312,\"height\":312,\"caption\":\"GS\"},\"logo\":{\"@id\":\"https:\/\/covid19-a-savoir.net\/#\/schema\/person\/image\/\"},\"sameAs\":[\"http:\/\/covid19-a-savoir.net\"],\"url\":\"https:\/\/covid19-a-savoir.net\/index.php\/author\/guido-saverio-sgmail-com\/\"}]}<\/script>\n<!-- \/ Yoast SEO plugin. -->","yoast_head_json":{"title":"Je n'arrive pas \u00e0 rester positif ! - Actualit\u00e9s, , .... Apr\u00e8s la p\u00e9riode &quot;covid19&quot;","robots":{"index":"index","follow":"follow","max-snippet":"max-snippet:-1","max-image-preview":"max-image-preview:large","max-video-preview":"max-video-preview:-1"},"canonical":"https:\/\/covid19-a-savoir.net\/index.php\/2023\/08\/16\/je-narrive-pas-a-rester-positif\/","og_locale":"fr_FR","og_type":"article","og_title":"Je n'arrive pas \u00e0 rester positif ! - Actualit\u00e9s, , .... Apr\u00e8s la p\u00e9riode &quot;covid19&quot;","og_description":"Il est tout \u00e0 fait normal de traverser des p\u00e9riodes o\u00f9 il est difficile de rester positif. La vie est... Read moreJe n&rsquo;arrive pas \u00e0 rester positif !","og_url":"https:\/\/covid19-a-savoir.net\/index.php\/2023\/08\/16\/je-narrive-pas-a-rester-positif\/","og_site_name":"Actualit\u00e9s, , .... Apr\u00e8s la p\u00e9riode &quot;covid19&quot;","article_published_time":"2023-08-16T18:40:36+00:00","article_modified_time":"2023-08-16T18:40:39+00:00","author":"GS","twitter_card":"summary_large_image","twitter_misc":{"\u00c9crit par":"GS","Dur\u00e9e de lecture estim\u00e9e":"2 minutes"},"schema":{"@context":"https:\/\/schema.org","@graph":[{"@type":"Article","@id":"https:\/\/covid19-a-savoir.net\/index.php\/2023\/08\/16\/je-narrive-pas-a-rester-positif\/#article","isPartOf":{"@id":"https:\/\/covid19-a-savoir.net\/index.php\/2023\/08\/16\/je-narrive-pas-a-rester-positif\/"},"author":{"name":"GS","@id":"https:\/\/covid19-a-savoir.net\/#\/schema\/person\/53265987e4424cc7dde2f857d2b378cf"},"headline":"Je n&rsquo;arrive pas \u00e0 rester positif !","datePublished":"2023-08-16T18:40:36+00:00","dateModified":"2023-08-16T18:40:39+00:00","mainEntityOfPage":{"@id":"https:\/\/covid19-a-savoir.net\/index.php\/2023\/08\/16\/je-narrive-pas-a-rester-positif\/"},"wordCount":379,"publisher":{"@id":"https:\/\/covid19-a-savoir.net\/#\/schema\/person\/53265987e4424cc7dde2f857d2b378cf"},"articleSection":["covid19"],"inLanguage":"fr-FR"},{"@type":"WebPage","@id":"https:\/\/covid19-a-savoir.net\/index.php\/2023\/08\/16\/je-narrive-pas-a-rester-positif\/","url":"https:\/\/covid19-a-savoir.net\/index.php\/2023\/08\/16\/je-narrive-pas-a-rester-positif\/","name":"Je n'arrive pas \u00e0 rester positif ! - Actualit\u00e9s, , .... Apr\u00e8s la p\u00e9riode &quot;covid19&quot;","isPartOf":{"@id":"https:\/\/covid19-a-savoir.net\/#website"},"datePublished":"2023-08-16T18:40:36+00:00","dateModified":"2023-08-16T18:40:39+00:00","breadcrumb":{"@id":"https:\/\/covid19-a-savoir.net\/index.php\/2023\/08\/16\/je-narrive-pas-a-rester-positif\/#breadcrumb"},"inLanguage":"fr-FR","potentialAction":[{"@type":"ReadAction","target":["https:\/\/covid19-a-savoir.net\/index.php\/2023\/08\/16\/je-narrive-pas-a-rester-positif\/"]}]},{"@type":"BreadcrumbList","@id":"https:\/\/covid19-a-savoir.net\/index.php\/2023\/08\/16\/je-narrive-pas-a-rester-positif\/#breadcrumb","itemListElement":[{"@type":"ListItem","position":1,"name":"Accueil","item":"https:\/\/covid19-a-savoir.net\/"},{"@type":"ListItem","position":2,"name":"Je n&#8217;arrive pas \u00e0 rester positif !"}]},{"@type":"WebSite","@id":"https:\/\/covid19-a-savoir.net\/#website","url":"https:\/\/covid19-a-savoir.net\/","name":"Actualit\u00e9s, , .... Apr\u00e8s la p\u00e9riode &quot;covid19&quot;","description":"DES V\u00c9RIT\u00c9S QUI D\u00c9RANGENT","publisher":{"@id":"https:\/\/covid19-a-savoir.net\/#\/schema\/person\/53265987e4424cc7dde2f857d2b378cf"},"potentialAction":[{"@type":"SearchAction","target":{"@type":"EntryPoint","urlTemplate":"https:\/\/covid19-a-savoir.net\/?s={search_term_string}"},"query-input":"required name=search_term_string"}],"inLanguage":"fr-FR"},{"@type":["Person","Organization"],"@id":"https:\/\/covid19-a-savoir.net\/#\/schema\/person\/53265987e4424cc7dde2f857d2b378cf","name":"GS","image":{"@type":"ImageObject","inLanguage":"fr-FR","@id":"https:\/\/covid19-a-savoir.net\/#\/schema\/person\/image\/","url":"https:\/\/covid19-a-savoir.net\/wp-content\/uploads\/2022\/07\/dans-ce-monde-312x312-1.png","contentUrl":"https:\/\/covid19-a-savoir.net\/wp-content\/uploads\/2022\/07\/dans-ce-monde-312x312-1.png","width":312,"height":312,"caption":"GS"},"logo":{"@id":"https:\/\/covid19-a-savoir.net\/#\/schema\/person\/image\/"},"sameAs":["http:\/\/covid19-a-savoir.net"],"url":"https:\/\/covid19-a-savoir.net\/index.php\/author\/guido-saverio-sgmail-com\/"}]}},"jetpack_sharing_enabled":true,"jetpack_featured_media_url":"","_links":{"self":[{"href":"https:\/\/covid19-a-savoir.net\/index.php\/wp-json\/wp\/v2\/posts\/2733"}],"collection":[{"href":"https:\/\/covid19-a-savoir.net\/index.php\/wp-json\/wp\/v2\/posts"}],"about":[{"href":"https:\/\/covid19-a-savoir.net\/index.php\/wp-json\/wp\/v2\/types\/post"}],"author":[{"embeddable":true,"href":"https:\/\/covid19-a-savoir.net\/index.php\/wp-json\/wp\/v2\/users\/1"}],"replies":[{"embeddable":true,"href":"https:\/\/covid19-a-savoir.net\/index.php\/wp-json\/wp\/v2\/comments?post=2733"}],"version-history":[{"count":1,"href":"https:\/\/covid19-a-savoir.net\/index.php\/wp-json\/wp\/v2\/posts\/2733\/revisions"}],"predecessor-version":[{"id":2734,"href":"https:\/\/covid19-a-savoir.net\/index.php\/wp-json\/wp\/v2\/posts\/2733\/revisions\/2734"}],"wp:attachment":[{"href":"https:\/\/covid19-a-savoir.net\/index.php\/wp-json\/wp\/v2\/media?parent=2733"}],"wp:term":[{"taxonomy":"category","embeddable":true,"href":"https:\/\/covid19-a-savoir.net\/index.php\/wp-json\/wp\/v2\/categories?post=2733"},{"taxonomy":"post_tag","embeddable":true,"href":"https:\/\/covid19-a-savoir.net\/index.php\/wp-json\/wp\/v2\/tags?post=2733"}],"curies":[{"name":"wp","href":"https:\/\/api.w.org\/{rel}","templated":true}]}}