{"id":2585,"date":"2023-03-17T12:21:46","date_gmt":"2023-03-17T12:21:46","guid":{"rendered":"https:\/\/covid19-a-savoir.net\/?p=2585"},"modified":"2023-03-17T12:21:48","modified_gmt":"2023-03-17T12:21:48","slug":"cest-a-force-detre-decu-quon-seloigne-des-gens","status":"publish","type":"post","link":"https:\/\/covid19-a-savoir.net\/index.php\/2023\/03\/17\/cest-a-force-detre-decu-quon-seloigne-des-gens\/","title":{"rendered":"c&rsquo;est a force d&rsquo;\u00eatre d\u00e9\u00e7u qu&rsquo;on s&rsquo;\u00e9loigne des gens&#8230;."},"content":{"rendered":"<div id=\"dslc-theme-content\"><div id=\"dslc-theme-content-inner\">\n<div class=\"wp-block-columns is-layout-flex wp-container-core-columns-is-layout-1 wp-block-columns-is-layout-flex\">\n<div class=\"wp-block-column is-layout-flow wp-block-column-is-layout-flow\">\n<figure class=\"wp-block-image size-large\"><img fetchpriority=\"high\" decoding=\"async\" width=\"1024\" height=\"1024\" src=\"https:\/\/covid19-a-savoir.net\/wp-content\/uploads\/2023\/03\/cest-a-force-detre-decu-qu-on-seloigne-des-gens-1024x1024.png\" alt=\"\" class=\"wp-image-2586\" srcset=\"https:\/\/covid19-a-savoir.net\/wp-content\/uploads\/2023\/03\/cest-a-force-detre-decu-qu-on-seloigne-des-gens-1024x1024.png 1024w, https:\/\/covid19-a-savoir.net\/wp-content\/uploads\/2023\/03\/cest-a-force-detre-decu-qu-on-seloigne-des-gens-300x300.png 300w, https:\/\/covid19-a-savoir.net\/wp-content\/uploads\/2023\/03\/cest-a-force-detre-decu-qu-on-seloigne-des-gens-150x150.png 150w, https:\/\/covid19-a-savoir.net\/wp-content\/uploads\/2023\/03\/cest-a-force-detre-decu-qu-on-seloigne-des-gens-768x768.png 768w, https:\/\/covid19-a-savoir.net\/wp-content\/uploads\/2023\/03\/cest-a-force-detre-decu-qu-on-seloigne-des-gens-80x80.png 80w, https:\/\/covid19-a-savoir.net\/wp-content\/uploads\/2023\/03\/cest-a-force-detre-decu-qu-on-seloigne-des-gens-320x320.png 320w, https:\/\/covid19-a-savoir.net\/wp-content\/uploads\/2023\/03\/cest-a-force-detre-decu-qu-on-seloigne-des-gens.png 1080w\" sizes=\"(max-width: 1024px) 100vw, 1024px\" \/><\/figure>\n<\/div>\n\n\n\n<div class=\"wp-block-column is-layout-flow wp-block-column-is-layout-flow\"><\/div>\n<\/div>\n\n\n\n<p>Il est vrai que l&rsquo;on peut s&rsquo;\u00e9loigner des gens apr\u00e8s avoir \u00e9t\u00e9 d\u00e9\u00e7u \u00e0 plusieurs reprises. Les d\u00e9ceptions peuvent entra\u00eener des sentiments de tristesse, de col\u00e8re, de frustration et m\u00eame de m\u00e9fiance envers les autres.<\/p>\n\n\n\n<p>Cependant, il est important de ne pas g\u00e9n\u00e9raliser et de ne pas penser que toutes les personnes sont susceptibles de nous d\u00e9cevoir. Il est \u00e9galement important de comprendre que les d\u00e9ceptions font partie de la vie et que tout le monde peut en faire l&rsquo;exp\u00e9rience \u00e0 un moment donn\u00e9.<\/p>\n\n\n\n<p>Si vous avez \u00e9t\u00e9 d\u00e9\u00e7u par une personne en particulier, il peut \u00eatre utile d&rsquo;avoir une conversation honn\u00eate avec elle pour exprimer vos sentiments et vos pr\u00e9occupations. Si vous avez des attentes claires et que vous \u00eates en mesure de communiquer vos besoins, cela peut aider \u00e0 am\u00e9liorer la relation et \u00e0 r\u00e9duire le risque de d\u00e9ceptions futures.<\/p>\n\n\n\n<p>Il peut \u00e9galement \u00eatre utile de travailler sur votre propre capacit\u00e9 \u00e0 g\u00e9rer les d\u00e9ceptions et \u00e0 d\u00e9velopper des m\u00e9canismes de coping sains. Cela peut inclure des activit\u00e9s comme la m\u00e9ditation, l&rsquo;exercice physique ou la th\u00e9rapie.<\/p>\n\n\n\n<p>En fin de compte, il est possible de se remettre des d\u00e9ceptions et de r\u00e9tablir des relations positives avec les autres. Cela peut n\u00e9cessiter du temps, de l&rsquo;effort et de la patience, mais cela peut \u00e9galement \u00eatre une occasion de grandir en tant que personne et de renforcer les liens avec les autres.<\/p>\n\n\n\n<div class=\"wp-block-columns is-layout-flex wp-container-core-columns-is-layout-2 wp-block-columns-is-layout-flex\">\n<div class=\"wp-block-column is-layout-flow wp-block-column-is-layout-flow\">\n<figure class=\"wp-block-embed is-type-wp-embed is-provider-didier-bonheur wp-block-embed-didier-bonheur\"><div class=\"wp-block-embed__wrapper\">\n<blockquote class=\"wp-embedded-content\" data-secret=\"Rst5TL9AH6\"><a href=\"https:\/\/didierbonheur.com\/gerer-les-deceptions-et-a-developper-des-mecanismes-de-coping-sains\/\">g\u00e9rer les d\u00e9ceptions et \u00e0 d\u00e9velopper des m\u00e9canismes de coping sains<\/a><\/blockquote><iframe class=\"wp-embedded-content\" sandbox=\"allow-scripts\" security=\"restricted\" style=\"position: absolute; clip: rect(1px, 1px, 1px, 1px);\" title=\"\u00ab\u00a0g\u00e9rer les d\u00e9ceptions et \u00e0 d\u00e9velopper des m\u00e9canismes de coping sains\u00a0\u00bb &#8212; Didier Bonheur\" src=\"https:\/\/didierbonheur.com\/gerer-les-deceptions-et-a-developper-des-mecanismes-de-coping-sains\/embed\/#?secret=LFR0TecBmt#?secret=Rst5TL9AH6\" data-secret=\"Rst5TL9AH6\" width=\"600\" height=\"338\" frameborder=\"0\" marginwidth=\"0\" marginheight=\"0\" scrolling=\"no\"><\/iframe>\n<\/div><\/figure>\n<\/div>\n\n\n\n<div class=\"wp-block-column is-layout-flow wp-block-column-is-layout-flow\"><\/div>\n<\/div>\n<\/div><\/div>","protected":false},"excerpt":{"rendered":"<p>Il est vrai que l&rsquo;on peut s&rsquo;\u00e9loigner des gens apr\u00e8s avoir \u00e9t\u00e9 d\u00e9\u00e7u \u00e0 plusieurs reprises. Les d\u00e9ceptions peuvent entra\u00eener&#8230; <a href=\"https:\/\/covid19-a-savoir.net\/index.php\/2023\/03\/17\/cest-a-force-detre-decu-quon-seloigne-des-gens\/\" class=\"readmore\">Read more<span class=\"screen-reader-text\">c&rsquo;est a force d&rsquo;\u00eatre d\u00e9\u00e7u qu&rsquo;on s&rsquo;\u00e9loigne des gens&#8230;.<\/span><span class=\"fa fa-angle-double-right\" aria-hidden=\"true\"><\/span><\/a><\/p>\n","protected":false},"author":1,"featured_media":0,"comment_status":"closed","ping_status":"closed","sticky":false,"template":"","format":"standard","meta":{"_jetpack_memberships_contains_paid_content":false,"footnotes":""},"categories":[1],"tags":[],"yoast_head":"<!-- This site is optimized with the Yoast SEO plugin v23.2 - https:\/\/yoast.com\/wordpress\/plugins\/seo\/ -->\n<title>c&#039;est a force d&#039;\u00eatre d\u00e9\u00e7u qu&#039;on s&#039;\u00e9loigne des gens.... - Actualit\u00e9s, , .... Apr\u00e8s la p\u00e9riode &quot;covid19&quot;<\/title>\n<meta name=\"robots\" content=\"index, follow, max-snippet:-1, max-image-preview:large, max-video-preview:-1\" \/>\n<link rel=\"canonical\" href=\"https:\/\/covid19-a-savoir.net\/index.php\/2023\/03\/17\/cest-a-force-detre-decu-quon-seloigne-des-gens\/\" \/>\n<meta property=\"og:locale\" content=\"fr_FR\" \/>\n<meta property=\"og:type\" content=\"article\" \/>\n<meta property=\"og:title\" content=\"c&#039;est a force d&#039;\u00eatre d\u00e9\u00e7u qu&#039;on s&#039;\u00e9loigne des gens.... - Actualit\u00e9s, , .... Apr\u00e8s la p\u00e9riode &quot;covid19&quot;\" \/>\n<meta property=\"og:description\" content=\"Il est vrai que l&rsquo;on peut s&rsquo;\u00e9loigner des gens apr\u00e8s avoir \u00e9t\u00e9 d\u00e9\u00e7u \u00e0 plusieurs reprises. Les d\u00e9ceptions peuvent entra\u00eener... Read morec&rsquo;est a force d&rsquo;\u00eatre d\u00e9\u00e7u qu&rsquo;on s&rsquo;\u00e9loigne des gens&#8230;.\" \/>\n<meta property=\"og:url\" content=\"https:\/\/covid19-a-savoir.net\/index.php\/2023\/03\/17\/cest-a-force-detre-decu-quon-seloigne-des-gens\/\" \/>\n<meta property=\"og:site_name\" content=\"Actualit\u00e9s, , .... Apr\u00e8s la p\u00e9riode &quot;covid19&quot;\" \/>\n<meta property=\"article:published_time\" content=\"2023-03-17T12:21:46+00:00\" \/>\n<meta property=\"article:modified_time\" content=\"2023-03-17T12:21:48+00:00\" \/>\n<meta property=\"og:image\" content=\"https:\/\/covid19-a-savoir.net\/wp-content\/uploads\/2023\/03\/cest-a-force-detre-decu-qu-on-seloigne-des-gens-1024x1024.png\" \/>\n<meta name=\"author\" content=\"GS\" \/>\n<meta name=\"twitter:card\" content=\"summary_large_image\" \/>\n<meta name=\"twitter:label1\" content=\"\u00c9crit par\" \/>\n\t<meta name=\"twitter:data1\" content=\"GS\" \/>\n\t<meta name=\"twitter:label2\" content=\"Dur\u00e9e de lecture estim\u00e9e\" \/>\n\t<meta name=\"twitter:data2\" content=\"2 minutes\" \/>\n<script type=\"application\/ld+json\" class=\"yoast-schema-graph\">{\"@context\":\"https:\/\/schema.org\",\"@graph\":[{\"@type\":\"Article\",\"@id\":\"https:\/\/covid19-a-savoir.net\/index.php\/2023\/03\/17\/cest-a-force-detre-decu-quon-seloigne-des-gens\/#article\",\"isPartOf\":{\"@id\":\"https:\/\/covid19-a-savoir.net\/index.php\/2023\/03\/17\/cest-a-force-detre-decu-quon-seloigne-des-gens\/\"},\"author\":{\"name\":\"GS\",\"@id\":\"https:\/\/covid19-a-savoir.net\/#\/schema\/person\/53265987e4424cc7dde2f857d2b378cf\"},\"headline\":\"c&rsquo;est a force d&rsquo;\u00eatre d\u00e9\u00e7u qu&rsquo;on s&rsquo;\u00e9loigne des gens&#8230;.\",\"datePublished\":\"2023-03-17T12:21:46+00:00\",\"dateModified\":\"2023-03-17T12:21:48+00:00\",\"mainEntityOfPage\":{\"@id\":\"https:\/\/covid19-a-savoir.net\/index.php\/2023\/03\/17\/cest-a-force-detre-decu-quon-seloigne-des-gens\/\"},\"wordCount\":270,\"publisher\":{\"@id\":\"https:\/\/covid19-a-savoir.net\/#\/schema\/person\/53265987e4424cc7dde2f857d2b378cf\"},\"image\":{\"@id\":\"https:\/\/covid19-a-savoir.net\/index.php\/2023\/03\/17\/cest-a-force-detre-decu-quon-seloigne-des-gens\/#primaryimage\"},\"thumbnailUrl\":\"https:\/\/covid19-a-savoir.net\/wp-content\/uploads\/2023\/03\/cest-a-force-detre-decu-qu-on-seloigne-des-gens-1024x1024.png\",\"articleSection\":[\"covid19\"],\"inLanguage\":\"fr-FR\"},{\"@type\":\"WebPage\",\"@id\":\"https:\/\/covid19-a-savoir.net\/index.php\/2023\/03\/17\/cest-a-force-detre-decu-quon-seloigne-des-gens\/\",\"url\":\"https:\/\/covid19-a-savoir.net\/index.php\/2023\/03\/17\/cest-a-force-detre-decu-quon-seloigne-des-gens\/\",\"name\":\"c'est a force d'\u00eatre d\u00e9\u00e7u qu'on s'\u00e9loigne des gens.... - Actualit\u00e9s, , .... Apr\u00e8s la p\u00e9riode &quot;covid19&quot;\",\"isPartOf\":{\"@id\":\"https:\/\/covid19-a-savoir.net\/#website\"},\"primaryImageOfPage\":{\"@id\":\"https:\/\/covid19-a-savoir.net\/index.php\/2023\/03\/17\/cest-a-force-detre-decu-quon-seloigne-des-gens\/#primaryimage\"},\"image\":{\"@id\":\"https:\/\/covid19-a-savoir.net\/index.php\/2023\/03\/17\/cest-a-force-detre-decu-quon-seloigne-des-gens\/#primaryimage\"},\"thumbnailUrl\":\"https:\/\/covid19-a-savoir.net\/wp-content\/uploads\/2023\/03\/cest-a-force-detre-decu-qu-on-seloigne-des-gens-1024x1024.png\",\"datePublished\":\"2023-03-17T12:21:46+00:00\",\"dateModified\":\"2023-03-17T12:21:48+00:00\",\"breadcrumb\":{\"@id\":\"https:\/\/covid19-a-savoir.net\/index.php\/2023\/03\/17\/cest-a-force-detre-decu-quon-seloigne-des-gens\/#breadcrumb\"},\"inLanguage\":\"fr-FR\",\"potentialAction\":[{\"@type\":\"ReadAction\",\"target\":[\"https:\/\/covid19-a-savoir.net\/index.php\/2023\/03\/17\/cest-a-force-detre-decu-quon-seloigne-des-gens\/\"]}]},{\"@type\":\"ImageObject\",\"inLanguage\":\"fr-FR\",\"@id\":\"https:\/\/covid19-a-savoir.net\/index.php\/2023\/03\/17\/cest-a-force-detre-decu-quon-seloigne-des-gens\/#primaryimage\",\"url\":\"https:\/\/covid19-a-savoir.net\/wp-content\/uploads\/2023\/03\/cest-a-force-detre-decu-qu-on-seloigne-des-gens.png\",\"contentUrl\":\"https:\/\/covid19-a-savoir.net\/wp-content\/uploads\/2023\/03\/cest-a-force-detre-decu-qu-on-seloigne-des-gens.png\",\"width\":1080,\"height\":1080},{\"@type\":\"BreadcrumbList\",\"@id\":\"https:\/\/covid19-a-savoir.net\/index.php\/2023\/03\/17\/cest-a-force-detre-decu-quon-seloigne-des-gens\/#breadcrumb\",\"itemListElement\":[{\"@type\":\"ListItem\",\"position\":1,\"name\":\"Accueil\",\"item\":\"https:\/\/covid19-a-savoir.net\/\"},{\"@type\":\"ListItem\",\"position\":2,\"name\":\"c&#8217;est a force d&#8217;\u00eatre d\u00e9\u00e7u qu&#8217;on s&#8217;\u00e9loigne des gens&#8230;.\"}]},{\"@type\":\"WebSite\",\"@id\":\"https:\/\/covid19-a-savoir.net\/#website\",\"url\":\"https:\/\/covid19-a-savoir.net\/\",\"name\":\"Actualit\u00e9s, , .... Apr\u00e8s la p\u00e9riode &quot;covid19&quot;\",\"description\":\"DES V\u00c9RIT\u00c9S QUI D\u00c9RANGENT\",\"publisher\":{\"@id\":\"https:\/\/covid19-a-savoir.net\/#\/schema\/person\/53265987e4424cc7dde2f857d2b378cf\"},\"potentialAction\":[{\"@type\":\"SearchAction\",\"target\":{\"@type\":\"EntryPoint\",\"urlTemplate\":\"https:\/\/covid19-a-savoir.net\/?s={search_term_string}\"},\"query-input\":\"required name=search_term_string\"}],\"inLanguage\":\"fr-FR\"},{\"@type\":[\"Person\",\"Organization\"],\"@id\":\"https:\/\/covid19-a-savoir.net\/#\/schema\/person\/53265987e4424cc7dde2f857d2b378cf\",\"name\":\"GS\",\"image\":{\"@type\":\"ImageObject\",\"inLanguage\":\"fr-FR\",\"@id\":\"https:\/\/covid19-a-savoir.net\/#\/schema\/person\/image\/\",\"url\":\"https:\/\/covid19-a-savoir.net\/wp-content\/uploads\/2022\/07\/dans-ce-monde-312x312-1.png\",\"contentUrl\":\"https:\/\/covid19-a-savoir.net\/wp-content\/uploads\/2022\/07\/dans-ce-monde-312x312-1.png\",\"width\":312,\"height\":312,\"caption\":\"GS\"},\"logo\":{\"@id\":\"https:\/\/covid19-a-savoir.net\/#\/schema\/person\/image\/\"},\"sameAs\":[\"http:\/\/covid19-a-savoir.net\"],\"url\":\"https:\/\/covid19-a-savoir.net\/index.php\/author\/guido-saverio-sgmail-com\/\"}]}<\/script>\n<!-- \/ Yoast SEO plugin. -->","yoast_head_json":{"title":"c'est a force d'\u00eatre d\u00e9\u00e7u qu'on s'\u00e9loigne des gens.... - Actualit\u00e9s, , .... Apr\u00e8s la p\u00e9riode &quot;covid19&quot;","robots":{"index":"index","follow":"follow","max-snippet":"max-snippet:-1","max-image-preview":"max-image-preview:large","max-video-preview":"max-video-preview:-1"},"canonical":"https:\/\/covid19-a-savoir.net\/index.php\/2023\/03\/17\/cest-a-force-detre-decu-quon-seloigne-des-gens\/","og_locale":"fr_FR","og_type":"article","og_title":"c'est a force d'\u00eatre d\u00e9\u00e7u qu'on s'\u00e9loigne des gens.... - Actualit\u00e9s, , .... Apr\u00e8s la p\u00e9riode &quot;covid19&quot;","og_description":"Il est vrai que l&rsquo;on peut s&rsquo;\u00e9loigner des gens apr\u00e8s avoir \u00e9t\u00e9 d\u00e9\u00e7u \u00e0 plusieurs reprises. Les d\u00e9ceptions peuvent entra\u00eener... Read morec&rsquo;est a force d&rsquo;\u00eatre d\u00e9\u00e7u qu&rsquo;on s&rsquo;\u00e9loigne des gens&#8230;.","og_url":"https:\/\/covid19-a-savoir.net\/index.php\/2023\/03\/17\/cest-a-force-detre-decu-quon-seloigne-des-gens\/","og_site_name":"Actualit\u00e9s, , .... Apr\u00e8s la p\u00e9riode &quot;covid19&quot;","article_published_time":"2023-03-17T12:21:46+00:00","article_modified_time":"2023-03-17T12:21:48+00:00","og_image":[{"url":"https:\/\/covid19-a-savoir.net\/wp-content\/uploads\/2023\/03\/cest-a-force-detre-decu-qu-on-seloigne-des-gens-1024x1024.png"}],"author":"GS","twitter_card":"summary_large_image","twitter_misc":{"\u00c9crit par":"GS","Dur\u00e9e de lecture estim\u00e9e":"2 minutes"},"schema":{"@context":"https:\/\/schema.org","@graph":[{"@type":"Article","@id":"https:\/\/covid19-a-savoir.net\/index.php\/2023\/03\/17\/cest-a-force-detre-decu-quon-seloigne-des-gens\/#article","isPartOf":{"@id":"https:\/\/covid19-a-savoir.net\/index.php\/2023\/03\/17\/cest-a-force-detre-decu-quon-seloigne-des-gens\/"},"author":{"name":"GS","@id":"https:\/\/covid19-a-savoir.net\/#\/schema\/person\/53265987e4424cc7dde2f857d2b378cf"},"headline":"c&rsquo;est a force d&rsquo;\u00eatre d\u00e9\u00e7u qu&rsquo;on s&rsquo;\u00e9loigne des gens&#8230;.","datePublished":"2023-03-17T12:21:46+00:00","dateModified":"2023-03-17T12:21:48+00:00","mainEntityOfPage":{"@id":"https:\/\/covid19-a-savoir.net\/index.php\/2023\/03\/17\/cest-a-force-detre-decu-quon-seloigne-des-gens\/"},"wordCount":270,"publisher":{"@id":"https:\/\/covid19-a-savoir.net\/#\/schema\/person\/53265987e4424cc7dde2f857d2b378cf"},"image":{"@id":"https:\/\/covid19-a-savoir.net\/index.php\/2023\/03\/17\/cest-a-force-detre-decu-quon-seloigne-des-gens\/#primaryimage"},"thumbnailUrl":"https:\/\/covid19-a-savoir.net\/wp-content\/uploads\/2023\/03\/cest-a-force-detre-decu-qu-on-seloigne-des-gens-1024x1024.png","articleSection":["covid19"],"inLanguage":"fr-FR"},{"@type":"WebPage","@id":"https:\/\/covid19-a-savoir.net\/index.php\/2023\/03\/17\/cest-a-force-detre-decu-quon-seloigne-des-gens\/","url":"https:\/\/covid19-a-savoir.net\/index.php\/2023\/03\/17\/cest-a-force-detre-decu-quon-seloigne-des-gens\/","name":"c'est a force d'\u00eatre d\u00e9\u00e7u qu'on s'\u00e9loigne des gens.... - Actualit\u00e9s, , .... Apr\u00e8s la p\u00e9riode &quot;covid19&quot;","isPartOf":{"@id":"https:\/\/covid19-a-savoir.net\/#website"},"primaryImageOfPage":{"@id":"https:\/\/covid19-a-savoir.net\/index.php\/2023\/03\/17\/cest-a-force-detre-decu-quon-seloigne-des-gens\/#primaryimage"},"image":{"@id":"https:\/\/covid19-a-savoir.net\/index.php\/2023\/03\/17\/cest-a-force-detre-decu-quon-seloigne-des-gens\/#primaryimage"},"thumbnailUrl":"https:\/\/covid19-a-savoir.net\/wp-content\/uploads\/2023\/03\/cest-a-force-detre-decu-qu-on-seloigne-des-gens-1024x1024.png","datePublished":"2023-03-17T12:21:46+00:00","dateModified":"2023-03-17T12:21:48+00:00","breadcrumb":{"@id":"https:\/\/covid19-a-savoir.net\/index.php\/2023\/03\/17\/cest-a-force-detre-decu-quon-seloigne-des-gens\/#breadcrumb"},"inLanguage":"fr-FR","potentialAction":[{"@type":"ReadAction","target":["https:\/\/covid19-a-savoir.net\/index.php\/2023\/03\/17\/cest-a-force-detre-decu-quon-seloigne-des-gens\/"]}]},{"@type":"ImageObject","inLanguage":"fr-FR","@id":"https:\/\/covid19-a-savoir.net\/index.php\/2023\/03\/17\/cest-a-force-detre-decu-quon-seloigne-des-gens\/#primaryimage","url":"https:\/\/covid19-a-savoir.net\/wp-content\/uploads\/2023\/03\/cest-a-force-detre-decu-qu-on-seloigne-des-gens.png","contentUrl":"https:\/\/covid19-a-savoir.net\/wp-content\/uploads\/2023\/03\/cest-a-force-detre-decu-qu-on-seloigne-des-gens.png","width":1080,"height":1080},{"@type":"BreadcrumbList","@id":"https:\/\/covid19-a-savoir.net\/index.php\/2023\/03\/17\/cest-a-force-detre-decu-quon-seloigne-des-gens\/#breadcrumb","itemListElement":[{"@type":"ListItem","position":1,"name":"Accueil","item":"https:\/\/covid19-a-savoir.net\/"},{"@type":"ListItem","position":2,"name":"c&#8217;est a force d&#8217;\u00eatre d\u00e9\u00e7u qu&#8217;on s&#8217;\u00e9loigne des gens&#8230;."}]},{"@type":"WebSite","@id":"https:\/\/covid19-a-savoir.net\/#website","url":"https:\/\/covid19-a-savoir.net\/","name":"Actualit\u00e9s, , .... Apr\u00e8s la p\u00e9riode &quot;covid19&quot;","description":"DES V\u00c9RIT\u00c9S QUI D\u00c9RANGENT","publisher":{"@id":"https:\/\/covid19-a-savoir.net\/#\/schema\/person\/53265987e4424cc7dde2f857d2b378cf"},"potentialAction":[{"@type":"SearchAction","target":{"@type":"EntryPoint","urlTemplate":"https:\/\/covid19-a-savoir.net\/?s={search_term_string}"},"query-input":"required name=search_term_string"}],"inLanguage":"fr-FR"},{"@type":["Person","Organization"],"@id":"https:\/\/covid19-a-savoir.net\/#\/schema\/person\/53265987e4424cc7dde2f857d2b378cf","name":"GS","image":{"@type":"ImageObject","inLanguage":"fr-FR","@id":"https:\/\/covid19-a-savoir.net\/#\/schema\/person\/image\/","url":"https:\/\/covid19-a-savoir.net\/wp-content\/uploads\/2022\/07\/dans-ce-monde-312x312-1.png","contentUrl":"https:\/\/covid19-a-savoir.net\/wp-content\/uploads\/2022\/07\/dans-ce-monde-312x312-1.png","width":312,"height":312,"caption":"GS"},"logo":{"@id":"https:\/\/covid19-a-savoir.net\/#\/schema\/person\/image\/"},"sameAs":["http:\/\/covid19-a-savoir.net"],"url":"https:\/\/covid19-a-savoir.net\/index.php\/author\/guido-saverio-sgmail-com\/"}]}},"jetpack_sharing_enabled":true,"jetpack_featured_media_url":"","_links":{"self":[{"href":"https:\/\/covid19-a-savoir.net\/index.php\/wp-json\/wp\/v2\/posts\/2585"}],"collection":[{"href":"https:\/\/covid19-a-savoir.net\/index.php\/wp-json\/wp\/v2\/posts"}],"about":[{"href":"https:\/\/covid19-a-savoir.net\/index.php\/wp-json\/wp\/v2\/types\/post"}],"author":[{"embeddable":true,"href":"https:\/\/covid19-a-savoir.net\/index.php\/wp-json\/wp\/v2\/users\/1"}],"replies":[{"embeddable":true,"href":"https:\/\/covid19-a-savoir.net\/index.php\/wp-json\/wp\/v2\/comments?post=2585"}],"version-history":[{"count":1,"href":"https:\/\/covid19-a-savoir.net\/index.php\/wp-json\/wp\/v2\/posts\/2585\/revisions"}],"predecessor-version":[{"id":2587,"href":"https:\/\/covid19-a-savoir.net\/index.php\/wp-json\/wp\/v2\/posts\/2585\/revisions\/2587"}],"wp:attachment":[{"href":"https:\/\/covid19-a-savoir.net\/index.php\/wp-json\/wp\/v2\/media?parent=2585"}],"wp:term":[{"taxonomy":"category","embeddable":true,"href":"https:\/\/covid19-a-savoir.net\/index.php\/wp-json\/wp\/v2\/categories?post=2585"},{"taxonomy":"post_tag","embeddable":true,"href":"https:\/\/covid19-a-savoir.net\/index.php\/wp-json\/wp\/v2\/tags?post=2585"}],"curies":[{"name":"wp","href":"https:\/\/api.w.org\/{rel}","templated":true}]}}