{"id":2563,"date":"2023-03-15T19:36:42","date_gmt":"2023-03-15T19:36:42","guid":{"rendered":"https:\/\/covid19-a-savoir.net\/?p=2563"},"modified":"2023-03-15T19:36:42","modified_gmt":"2023-03-15T19:36:42","slug":"pendant-les-regles-prend-on-du-poids","status":"publish","type":"post","link":"https:\/\/covid19-a-savoir.net\/index.php\/2023\/03\/15\/pendant-les-regles-prend-on-du-poids\/","title":{"rendered":"Pendant les r\u00e8gles prend-on du poids ?"},"content":{"rendered":"<div id=\"dslc-theme-content\"><div id=\"dslc-theme-content-inner\">\n<div class=\"wp-block-columns is-layout-flex wp-container-core-columns-is-layout-1 wp-block-columns-is-layout-flex\">\n<div class=\"wp-block-column is-layout-flow wp-block-column-is-layout-flow\"><\/div>\n\n\n\n<div class=\"wp-block-column is-layout-flow wp-block-column-is-layout-flow\"><\/div>\n<\/div>\n\n\n\n<p>Il est courant pour certaines femmes de prendre du poids pendant leurs r\u00e8gles en raison de la r\u00e9tention d&rsquo;eau. Cette r\u00e9tention d&rsquo;eau est caus\u00e9e par des fluctuations hormonales qui se produisent pendant le cycle menstruel. Les niveaux d&rsquo;\u0153strog\u00e8nes et de progest\u00e9rone augmentent avant les r\u00e8gles, ce qui peut entra\u00eener une r\u00e9tention d&rsquo;eau dans les tissus corporels. Cela peut se traduire par une augmentation du poids corporel et une sensation de ballonnement. Cependant, il est important de noter que cette prise de poids est g\u00e9n\u00e9ralement temporaire et dispara\u00eet apr\u00e8s les r\u00e8gles. Si vous avez des pr\u00e9occupations au sujet de votre poids ou de votre sant\u00e9 menstruelle, il est recommand\u00e9 de consulter un professionnel de la sant\u00e9.<\/p>\n<\/div><\/div>","protected":false},"excerpt":{"rendered":"<p>Il est courant pour certaines femmes de prendre du poids pendant leurs r\u00e8gles en raison de la r\u00e9tention d&rsquo;eau. Cette&#8230; <a href=\"https:\/\/covid19-a-savoir.net\/index.php\/2023\/03\/15\/pendant-les-regles-prend-on-du-poids\/\" class=\"readmore\">Read more<span class=\"screen-reader-text\">Pendant les r\u00e8gles prend-on du poids ?<\/span><span class=\"fa fa-angle-double-right\" aria-hidden=\"true\"><\/span><\/a><\/p>\n","protected":false},"author":1,"featured_media":0,"comment_status":"closed","ping_status":"closed","sticky":false,"template":"","format":"standard","meta":{"_jetpack_memberships_contains_paid_content":false,"footnotes":""},"categories":[1],"tags":[],"yoast_head":"<!-- This site is optimized with the Yoast SEO plugin v23.2 - https:\/\/yoast.com\/wordpress\/plugins\/seo\/ -->\n<title>Pendant les r\u00e8gles prend-on du poids ? - Actualit\u00e9s, , .... Apr\u00e8s la p\u00e9riode &quot;covid19&quot;<\/title>\n<meta name=\"robots\" content=\"index, follow, max-snippet:-1, max-image-preview:large, max-video-preview:-1\" \/>\n<link rel=\"canonical\" href=\"https:\/\/covid19-a-savoir.net\/index.php\/2023\/03\/15\/pendant-les-regles-prend-on-du-poids\/\" \/>\n<meta property=\"og:locale\" content=\"fr_FR\" \/>\n<meta property=\"og:type\" content=\"article\" \/>\n<meta property=\"og:title\" content=\"Pendant les r\u00e8gles prend-on du poids ? - Actualit\u00e9s, , .... Apr\u00e8s la p\u00e9riode &quot;covid19&quot;\" \/>\n<meta property=\"og:description\" content=\"Il est courant pour certaines femmes de prendre du poids pendant leurs r\u00e8gles en raison de la r\u00e9tention d&rsquo;eau. Cette... Read morePendant les r\u00e8gles prend-on du poids ?\" \/>\n<meta property=\"og:url\" content=\"https:\/\/covid19-a-savoir.net\/index.php\/2023\/03\/15\/pendant-les-regles-prend-on-du-poids\/\" \/>\n<meta property=\"og:site_name\" content=\"Actualit\u00e9s, , .... Apr\u00e8s la p\u00e9riode &quot;covid19&quot;\" \/>\n<meta property=\"article:published_time\" content=\"2023-03-15T19:36:42+00:00\" \/>\n<meta name=\"author\" content=\"GS\" \/>\n<meta name=\"twitter:card\" content=\"summary_large_image\" \/>\n<meta name=\"twitter:label1\" content=\"\u00c9crit par\" \/>\n\t<meta name=\"twitter:data1\" content=\"GS\" \/>\n\t<meta name=\"twitter:label2\" content=\"Dur\u00e9e de lecture estim\u00e9e\" \/>\n\t<meta name=\"twitter:data2\" content=\"1 minute\" \/>\n<script type=\"application\/ld+json\" class=\"yoast-schema-graph\">{\"@context\":\"https:\/\/schema.org\",\"@graph\":[{\"@type\":\"Article\",\"@id\":\"https:\/\/covid19-a-savoir.net\/index.php\/2023\/03\/15\/pendant-les-regles-prend-on-du-poids\/#article\",\"isPartOf\":{\"@id\":\"https:\/\/covid19-a-savoir.net\/index.php\/2023\/03\/15\/pendant-les-regles-prend-on-du-poids\/\"},\"author\":{\"name\":\"GS\",\"@id\":\"https:\/\/covid19-a-savoir.net\/#\/schema\/person\/53265987e4424cc7dde2f857d2b378cf\"},\"headline\":\"Pendant les r\u00e8gles prend-on du poids ?\",\"datePublished\":\"2023-03-15T19:36:42+00:00\",\"dateModified\":\"2023-03-15T19:36:42+00:00\",\"mainEntityOfPage\":{\"@id\":\"https:\/\/covid19-a-savoir.net\/index.php\/2023\/03\/15\/pendant-les-regles-prend-on-du-poids\/\"},\"wordCount\":138,\"publisher\":{\"@id\":\"https:\/\/covid19-a-savoir.net\/#\/schema\/person\/53265987e4424cc7dde2f857d2b378cf\"},\"articleSection\":[\"covid19\"],\"inLanguage\":\"fr-FR\"},{\"@type\":\"WebPage\",\"@id\":\"https:\/\/covid19-a-savoir.net\/index.php\/2023\/03\/15\/pendant-les-regles-prend-on-du-poids\/\",\"url\":\"https:\/\/covid19-a-savoir.net\/index.php\/2023\/03\/15\/pendant-les-regles-prend-on-du-poids\/\",\"name\":\"Pendant les r\u00e8gles prend-on du poids ? - Actualit\u00e9s, , .... Apr\u00e8s la p\u00e9riode &quot;covid19&quot;\",\"isPartOf\":{\"@id\":\"https:\/\/covid19-a-savoir.net\/#website\"},\"datePublished\":\"2023-03-15T19:36:42+00:00\",\"dateModified\":\"2023-03-15T19:36:42+00:00\",\"breadcrumb\":{\"@id\":\"https:\/\/covid19-a-savoir.net\/index.php\/2023\/03\/15\/pendant-les-regles-prend-on-du-poids\/#breadcrumb\"},\"inLanguage\":\"fr-FR\",\"potentialAction\":[{\"@type\":\"ReadAction\",\"target\":[\"https:\/\/covid19-a-savoir.net\/index.php\/2023\/03\/15\/pendant-les-regles-prend-on-du-poids\/\"]}]},{\"@type\":\"BreadcrumbList\",\"@id\":\"https:\/\/covid19-a-savoir.net\/index.php\/2023\/03\/15\/pendant-les-regles-prend-on-du-poids\/#breadcrumb\",\"itemListElement\":[{\"@type\":\"ListItem\",\"position\":1,\"name\":\"Accueil\",\"item\":\"https:\/\/covid19-a-savoir.net\/\"},{\"@type\":\"ListItem\",\"position\":2,\"name\":\"Pendant les r\u00e8gles prend-on du poids ?\"}]},{\"@type\":\"WebSite\",\"@id\":\"https:\/\/covid19-a-savoir.net\/#website\",\"url\":\"https:\/\/covid19-a-savoir.net\/\",\"name\":\"Actualit\u00e9s, , .... Apr\u00e8s la p\u00e9riode &quot;covid19&quot;\",\"description\":\"DES V\u00c9RIT\u00c9S QUI D\u00c9RANGENT\",\"publisher\":{\"@id\":\"https:\/\/covid19-a-savoir.net\/#\/schema\/person\/53265987e4424cc7dde2f857d2b378cf\"},\"potentialAction\":[{\"@type\":\"SearchAction\",\"target\":{\"@type\":\"EntryPoint\",\"urlTemplate\":\"https:\/\/covid19-a-savoir.net\/?s={search_term_string}\"},\"query-input\":\"required name=search_term_string\"}],\"inLanguage\":\"fr-FR\"},{\"@type\":[\"Person\",\"Organization\"],\"@id\":\"https:\/\/covid19-a-savoir.net\/#\/schema\/person\/53265987e4424cc7dde2f857d2b378cf\",\"name\":\"GS\",\"image\":{\"@type\":\"ImageObject\",\"inLanguage\":\"fr-FR\",\"@id\":\"https:\/\/covid19-a-savoir.net\/#\/schema\/person\/image\/\",\"url\":\"https:\/\/covid19-a-savoir.net\/wp-content\/uploads\/2022\/07\/dans-ce-monde-312x312-1.png\",\"contentUrl\":\"https:\/\/covid19-a-savoir.net\/wp-content\/uploads\/2022\/07\/dans-ce-monde-312x312-1.png\",\"width\":312,\"height\":312,\"caption\":\"GS\"},\"logo\":{\"@id\":\"https:\/\/covid19-a-savoir.net\/#\/schema\/person\/image\/\"},\"sameAs\":[\"http:\/\/covid19-a-savoir.net\"],\"url\":\"https:\/\/covid19-a-savoir.net\/index.php\/author\/guido-saverio-sgmail-com\/\"}]}<\/script>\n<!-- \/ Yoast SEO plugin. -->","yoast_head_json":{"title":"Pendant les r\u00e8gles prend-on du poids ? - Actualit\u00e9s, , .... Apr\u00e8s la p\u00e9riode &quot;covid19&quot;","robots":{"index":"index","follow":"follow","max-snippet":"max-snippet:-1","max-image-preview":"max-image-preview:large","max-video-preview":"max-video-preview:-1"},"canonical":"https:\/\/covid19-a-savoir.net\/index.php\/2023\/03\/15\/pendant-les-regles-prend-on-du-poids\/","og_locale":"fr_FR","og_type":"article","og_title":"Pendant les r\u00e8gles prend-on du poids ? - Actualit\u00e9s, , .... Apr\u00e8s la p\u00e9riode &quot;covid19&quot;","og_description":"Il est courant pour certaines femmes de prendre du poids pendant leurs r\u00e8gles en raison de la r\u00e9tention d&rsquo;eau. Cette... Read morePendant les r\u00e8gles prend-on du poids ?","og_url":"https:\/\/covid19-a-savoir.net\/index.php\/2023\/03\/15\/pendant-les-regles-prend-on-du-poids\/","og_site_name":"Actualit\u00e9s, , .... Apr\u00e8s la p\u00e9riode &quot;covid19&quot;","article_published_time":"2023-03-15T19:36:42+00:00","author":"GS","twitter_card":"summary_large_image","twitter_misc":{"\u00c9crit par":"GS","Dur\u00e9e de lecture estim\u00e9e":"1 minute"},"schema":{"@context":"https:\/\/schema.org","@graph":[{"@type":"Article","@id":"https:\/\/covid19-a-savoir.net\/index.php\/2023\/03\/15\/pendant-les-regles-prend-on-du-poids\/#article","isPartOf":{"@id":"https:\/\/covid19-a-savoir.net\/index.php\/2023\/03\/15\/pendant-les-regles-prend-on-du-poids\/"},"author":{"name":"GS","@id":"https:\/\/covid19-a-savoir.net\/#\/schema\/person\/53265987e4424cc7dde2f857d2b378cf"},"headline":"Pendant les r\u00e8gles prend-on du poids ?","datePublished":"2023-03-15T19:36:42+00:00","dateModified":"2023-03-15T19:36:42+00:00","mainEntityOfPage":{"@id":"https:\/\/covid19-a-savoir.net\/index.php\/2023\/03\/15\/pendant-les-regles-prend-on-du-poids\/"},"wordCount":138,"publisher":{"@id":"https:\/\/covid19-a-savoir.net\/#\/schema\/person\/53265987e4424cc7dde2f857d2b378cf"},"articleSection":["covid19"],"inLanguage":"fr-FR"},{"@type":"WebPage","@id":"https:\/\/covid19-a-savoir.net\/index.php\/2023\/03\/15\/pendant-les-regles-prend-on-du-poids\/","url":"https:\/\/covid19-a-savoir.net\/index.php\/2023\/03\/15\/pendant-les-regles-prend-on-du-poids\/","name":"Pendant les r\u00e8gles prend-on du poids ? - Actualit\u00e9s, , .... Apr\u00e8s la p\u00e9riode &quot;covid19&quot;","isPartOf":{"@id":"https:\/\/covid19-a-savoir.net\/#website"},"datePublished":"2023-03-15T19:36:42+00:00","dateModified":"2023-03-15T19:36:42+00:00","breadcrumb":{"@id":"https:\/\/covid19-a-savoir.net\/index.php\/2023\/03\/15\/pendant-les-regles-prend-on-du-poids\/#breadcrumb"},"inLanguage":"fr-FR","potentialAction":[{"@type":"ReadAction","target":["https:\/\/covid19-a-savoir.net\/index.php\/2023\/03\/15\/pendant-les-regles-prend-on-du-poids\/"]}]},{"@type":"BreadcrumbList","@id":"https:\/\/covid19-a-savoir.net\/index.php\/2023\/03\/15\/pendant-les-regles-prend-on-du-poids\/#breadcrumb","itemListElement":[{"@type":"ListItem","position":1,"name":"Accueil","item":"https:\/\/covid19-a-savoir.net\/"},{"@type":"ListItem","position":2,"name":"Pendant les r\u00e8gles prend-on du poids ?"}]},{"@type":"WebSite","@id":"https:\/\/covid19-a-savoir.net\/#website","url":"https:\/\/covid19-a-savoir.net\/","name":"Actualit\u00e9s, , .... Apr\u00e8s la p\u00e9riode &quot;covid19&quot;","description":"DES V\u00c9RIT\u00c9S QUI D\u00c9RANGENT","publisher":{"@id":"https:\/\/covid19-a-savoir.net\/#\/schema\/person\/53265987e4424cc7dde2f857d2b378cf"},"potentialAction":[{"@type":"SearchAction","target":{"@type":"EntryPoint","urlTemplate":"https:\/\/covid19-a-savoir.net\/?s={search_term_string}"},"query-input":"required name=search_term_string"}],"inLanguage":"fr-FR"},{"@type":["Person","Organization"],"@id":"https:\/\/covid19-a-savoir.net\/#\/schema\/person\/53265987e4424cc7dde2f857d2b378cf","name":"GS","image":{"@type":"ImageObject","inLanguage":"fr-FR","@id":"https:\/\/covid19-a-savoir.net\/#\/schema\/person\/image\/","url":"https:\/\/covid19-a-savoir.net\/wp-content\/uploads\/2022\/07\/dans-ce-monde-312x312-1.png","contentUrl":"https:\/\/covid19-a-savoir.net\/wp-content\/uploads\/2022\/07\/dans-ce-monde-312x312-1.png","width":312,"height":312,"caption":"GS"},"logo":{"@id":"https:\/\/covid19-a-savoir.net\/#\/schema\/person\/image\/"},"sameAs":["http:\/\/covid19-a-savoir.net"],"url":"https:\/\/covid19-a-savoir.net\/index.php\/author\/guido-saverio-sgmail-com\/"}]}},"jetpack_sharing_enabled":true,"jetpack_featured_media_url":"","_links":{"self":[{"href":"https:\/\/covid19-a-savoir.net\/index.php\/wp-json\/wp\/v2\/posts\/2563"}],"collection":[{"href":"https:\/\/covid19-a-savoir.net\/index.php\/wp-json\/wp\/v2\/posts"}],"about":[{"href":"https:\/\/covid19-a-savoir.net\/index.php\/wp-json\/wp\/v2\/types\/post"}],"author":[{"embeddable":true,"href":"https:\/\/covid19-a-savoir.net\/index.php\/wp-json\/wp\/v2\/users\/1"}],"replies":[{"embeddable":true,"href":"https:\/\/covid19-a-savoir.net\/index.php\/wp-json\/wp\/v2\/comments?post=2563"}],"version-history":[{"count":1,"href":"https:\/\/covid19-a-savoir.net\/index.php\/wp-json\/wp\/v2\/posts\/2563\/revisions"}],"predecessor-version":[{"id":2565,"href":"https:\/\/covid19-a-savoir.net\/index.php\/wp-json\/wp\/v2\/posts\/2563\/revisions\/2565"}],"wp:attachment":[{"href":"https:\/\/covid19-a-savoir.net\/index.php\/wp-json\/wp\/v2\/media?parent=2563"}],"wp:term":[{"taxonomy":"category","embeddable":true,"href":"https:\/\/covid19-a-savoir.net\/index.php\/wp-json\/wp\/v2\/categories?post=2563"},{"taxonomy":"post_tag","embeddable":true,"href":"https:\/\/covid19-a-savoir.net\/index.php\/wp-json\/wp\/v2\/tags?post=2563"}],"curies":[{"name":"wp","href":"https:\/\/api.w.org\/{rel}","templated":true}]}}