{"id":2534,"date":"2023-03-13T19:52:59","date_gmt":"2023-03-13T19:52:59","guid":{"rendered":"https:\/\/covid19-a-savoir.net\/?p=2534"},"modified":"2023-03-13T20:19:40","modified_gmt":"2023-03-13T20:19:40","slug":"comment-parler-a-un-ado-pour-parvenir-a-une-communication-fluide-et-efficace","status":"publish","type":"post","link":"https:\/\/covid19-a-savoir.net\/index.php\/2023\/03\/13\/comment-parler-a-un-ado-pour-parvenir-a-une-communication-fluide-et-efficace\/","title":{"rendered":"Comment parler \u00e0 un ado pour parvenir \u00e0 une communication fluide et efficace ?"},"content":{"rendered":"<div id=\"dslc-theme-content\"><div id=\"dslc-theme-content-inner\">\n<div class=\"wp-block-columns is-layout-flex wp-container-core-columns-is-layout-1 wp-block-columns-is-layout-flex\">\n<div class=\"wp-block-column is-layout-flow wp-block-column-is-layout-flow\">\n<figure class=\"wp-block-image size-large\"><img fetchpriority=\"high\" decoding=\"async\" width=\"1024\" height=\"1024\" src=\"https:\/\/covid19-a-savoir.net\/wp-content\/uploads\/2023\/03\/Comment-parler-a-un-ado-pour-parvenir-a-une-communication-fluide-et-efficace--1024x1024.png\" alt=\"\" class=\"wp-image-2535\" srcset=\"https:\/\/covid19-a-savoir.net\/wp-content\/uploads\/2023\/03\/Comment-parler-a-un-ado-pour-parvenir-a-une-communication-fluide-et-efficace--1024x1024.png 1024w, https:\/\/covid19-a-savoir.net\/wp-content\/uploads\/2023\/03\/Comment-parler-a-un-ado-pour-parvenir-a-une-communication-fluide-et-efficace--300x300.png 300w, https:\/\/covid19-a-savoir.net\/wp-content\/uploads\/2023\/03\/Comment-parler-a-un-ado-pour-parvenir-a-une-communication-fluide-et-efficace--150x150.png 150w, https:\/\/covid19-a-savoir.net\/wp-content\/uploads\/2023\/03\/Comment-parler-a-un-ado-pour-parvenir-a-une-communication-fluide-et-efficace--768x768.png 768w, https:\/\/covid19-a-savoir.net\/wp-content\/uploads\/2023\/03\/Comment-parler-a-un-ado-pour-parvenir-a-une-communication-fluide-et-efficace--80x80.png 80w, https:\/\/covid19-a-savoir.net\/wp-content\/uploads\/2023\/03\/Comment-parler-a-un-ado-pour-parvenir-a-une-communication-fluide-et-efficace--320x320.png 320w, https:\/\/covid19-a-savoir.net\/wp-content\/uploads\/2023\/03\/Comment-parler-a-un-ado-pour-parvenir-a-une-communication-fluide-et-efficace-.png 1080w\" sizes=\"(max-width: 1024px) 100vw, 1024px\" \/><\/figure>\n<\/div>\n\n\n\n<div class=\"wp-block-column is-layout-flow wp-block-column-is-layout-flow\"><\/div>\n<\/div>\n\n\n\n<p>Communiquer avec un adolescent peut parfois \u00eatre un d\u00e9fi, car les adolescents peuvent avoir des personnalit\u00e9s et des attitudes tr\u00e8s diff\u00e9rentes. Cependant, voici quelques conseils qui peuvent aider \u00e0 faciliter une communication fluide et efficace avec un adolescent :<\/p>\n\n\n\n<ol><li>\u00c9coutez attentivement : Les adolescents ont souvent besoin de se sentir entendus et compris. Donnez-leur toute votre attention, \u00e9coutez ce qu&rsquo;ils ont \u00e0 dire et soyez ouvert \u00e0 leur point de vue.<\/li><li>\u00c9vitez de juger : Les adolescents peuvent \u00eatre tr\u00e8s sensibles aux critiques et aux jugements. \u00c9vitez de juger leur comportement ou leurs choix de vie. Essayez plut\u00f4t de les encourager et de leur donner des conseils constructifs.<\/li><li>Utilisez un langage clair et simple : \u00c9vitez d&rsquo;utiliser des termes techniques ou des mots compliqu\u00e9s qui pourraient rendre la communication difficile. Utilisez un langage simple et clair pour faciliter la compr\u00e9hension.<\/li><li>Soyez patient : Les adolescents peuvent \u00eatre parfois frustrants, mais il est important de rester patient et de ne pas perdre son calme. Essayez de comprendre leur point de vue et de leur donner le temps n\u00e9cessaire pour s&rsquo;exprimer.<\/li><li>Soyez honn\u00eate : Les adolescents appr\u00e9cient souvent l&rsquo;honn\u00eatet\u00e9 et la transparence. Soyez honn\u00eate avec eux, m\u00eame si cela signifie admettre que vous ne savez pas quelque chose ou que vous avez fait une erreur.<\/li><li>Encouragez la discussion : Les adolescents aiment souvent discuter de sujets int\u00e9ressants et d&rsquo;actualit\u00e9. Encouragez-les \u00e0 partager leurs id\u00e9es et leurs opinions sur les sujets qui les passionnent.<\/li><\/ol>\n\n\n\n<p>En somme, une communication fluide et efficace avec un adolescent n\u00e9cessite de l&rsquo;\u00e9coute, de la patience, de l&rsquo;honn\u00eatet\u00e9 et un langage clair. En respectant ces conseils, vous pouvez cr\u00e9er un dialogue ouvert et constructif avec les adolescents.<\/p>\n\n\n\n<p><\/p>\n\n\n\n<figure class=\"wp-block-image size-full\"><img decoding=\"async\" width=\"1024\" height=\"35\" src=\"https:\/\/covid19-a-savoir.net\/wp-content\/uploads\/2023\/03\/Sans-titre-32-8-1024x35-1-3.png\" alt=\"\" class=\"wp-image-2543\" srcset=\"https:\/\/covid19-a-savoir.net\/wp-content\/uploads\/2023\/03\/Sans-titre-32-8-1024x35-1-3.png 1024w, https:\/\/covid19-a-savoir.net\/wp-content\/uploads\/2023\/03\/Sans-titre-32-8-1024x35-1-3-300x10.png 300w, https:\/\/covid19-a-savoir.net\/wp-content\/uploads\/2023\/03\/Sans-titre-32-8-1024x35-1-3-768x26.png 768w\" sizes=\"(max-width: 1024px) 100vw, 1024px\" \/><\/figure>\n\n\n\n<p>#communicationadolescent #\u00e9couteactive #langageclair #patience #honn\u00eatet\u00e9 #dialogueouvert #relationsparentsenfants #relationspositives #d\u00e9veloppementpersonnel #psychologieadolescence#conflitsadolescence #compr\u00e9hensionmutuelle #soutienadolescent #communicationefficace #gestiondes\u00e9motions #bien\u00eatremental #sant\u00e9mentale #adolescenceetfamille #relationsparentsenfantsadolescents #communicationfamilleadolescent #\u00e9panouissementadolescent #conseilsparentaux #parentsadolescents #communicationnonviolente<\/p>\n<\/div><\/div>","protected":false},"excerpt":{"rendered":"<p>Communiquer avec un adolescent peut parfois \u00eatre un d\u00e9fi, car les adolescents peuvent avoir des personnalit\u00e9s et des attitudes tr\u00e8s&#8230; <a href=\"https:\/\/covid19-a-savoir.net\/index.php\/2023\/03\/13\/comment-parler-a-un-ado-pour-parvenir-a-une-communication-fluide-et-efficace\/\" class=\"readmore\">Read more<span class=\"screen-reader-text\">Comment parler \u00e0 un ado pour parvenir \u00e0 une communication fluide et efficace ?<\/span><span class=\"fa fa-angle-double-right\" aria-hidden=\"true\"><\/span><\/a><\/p>\n","protected":false},"author":1,"featured_media":0,"comment_status":"closed","ping_status":"closed","sticky":false,"template":"","format":"standard","meta":{"_jetpack_memberships_contains_paid_content":false,"footnotes":""},"categories":[1],"tags":[],"yoast_head":"<!-- This site is optimized with the Yoast SEO plugin v23.2 - https:\/\/yoast.com\/wordpress\/plugins\/seo\/ -->\n<title>Comment parler \u00e0 un ado pour parvenir \u00e0 une communication fluide et efficace ? - Actualit\u00e9s, , .... Apr\u00e8s la p\u00e9riode &quot;covid19&quot;<\/title>\n<meta name=\"robots\" content=\"index, follow, max-snippet:-1, max-image-preview:large, max-video-preview:-1\" \/>\n<link rel=\"canonical\" href=\"https:\/\/covid19-a-savoir.net\/index.php\/2023\/03\/13\/comment-parler-a-un-ado-pour-parvenir-a-une-communication-fluide-et-efficace\/\" \/>\n<meta property=\"og:locale\" content=\"fr_FR\" \/>\n<meta property=\"og:type\" content=\"article\" \/>\n<meta property=\"og:title\" content=\"Comment parler \u00e0 un ado pour parvenir \u00e0 une communication fluide et efficace ? - Actualit\u00e9s, , .... Apr\u00e8s la p\u00e9riode &quot;covid19&quot;\" \/>\n<meta property=\"og:description\" content=\"Communiquer avec un adolescent peut parfois \u00eatre un d\u00e9fi, car les adolescents peuvent avoir des personnalit\u00e9s et des attitudes tr\u00e8s... Read moreComment parler \u00e0 un ado pour parvenir \u00e0 une communication fluide et efficace ?\" \/>\n<meta property=\"og:url\" content=\"https:\/\/covid19-a-savoir.net\/index.php\/2023\/03\/13\/comment-parler-a-un-ado-pour-parvenir-a-une-communication-fluide-et-efficace\/\" \/>\n<meta property=\"og:site_name\" content=\"Actualit\u00e9s, , .... Apr\u00e8s la p\u00e9riode &quot;covid19&quot;\" \/>\n<meta property=\"article:published_time\" content=\"2023-03-13T19:52:59+00:00\" \/>\n<meta property=\"article:modified_time\" content=\"2023-03-13T20:19:40+00:00\" \/>\n<meta property=\"og:image\" content=\"https:\/\/covid19-a-savoir.net\/wp-content\/uploads\/2023\/03\/Comment-parler-a-un-ado-pour-parvenir-a-une-communication-fluide-et-efficace--1024x1024.png\" \/>\n<meta name=\"author\" content=\"GS\" \/>\n<meta name=\"twitter:card\" content=\"summary_large_image\" \/>\n<meta name=\"twitter:label1\" content=\"\u00c9crit par\" \/>\n\t<meta name=\"twitter:data1\" content=\"GS\" \/>\n\t<meta name=\"twitter:label2\" content=\"Dur\u00e9e de lecture estim\u00e9e\" \/>\n\t<meta name=\"twitter:data2\" content=\"2 minutes\" \/>\n<script type=\"application\/ld+json\" class=\"yoast-schema-graph\">{\"@context\":\"https:\/\/schema.org\",\"@graph\":[{\"@type\":\"Article\",\"@id\":\"https:\/\/covid19-a-savoir.net\/index.php\/2023\/03\/13\/comment-parler-a-un-ado-pour-parvenir-a-une-communication-fluide-et-efficace\/#article\",\"isPartOf\":{\"@id\":\"https:\/\/covid19-a-savoir.net\/index.php\/2023\/03\/13\/comment-parler-a-un-ado-pour-parvenir-a-une-communication-fluide-et-efficace\/\"},\"author\":{\"name\":\"GS\",\"@id\":\"https:\/\/covid19-a-savoir.net\/#\/schema\/person\/53265987e4424cc7dde2f857d2b378cf\"},\"headline\":\"Comment parler \u00e0 un ado pour parvenir \u00e0 une communication fluide et efficace ?\",\"datePublished\":\"2023-03-13T19:52:59+00:00\",\"dateModified\":\"2023-03-13T20:19:40+00:00\",\"mainEntityOfPage\":{\"@id\":\"https:\/\/covid19-a-savoir.net\/index.php\/2023\/03\/13\/comment-parler-a-un-ado-pour-parvenir-a-une-communication-fluide-et-efficace\/\"},\"wordCount\":328,\"publisher\":{\"@id\":\"https:\/\/covid19-a-savoir.net\/#\/schema\/person\/53265987e4424cc7dde2f857d2b378cf\"},\"image\":{\"@id\":\"https:\/\/covid19-a-savoir.net\/index.php\/2023\/03\/13\/comment-parler-a-un-ado-pour-parvenir-a-une-communication-fluide-et-efficace\/#primaryimage\"},\"thumbnailUrl\":\"https:\/\/covid19-a-savoir.net\/wp-content\/uploads\/2023\/03\/Comment-parler-a-un-ado-pour-parvenir-a-une-communication-fluide-et-efficace--1024x1024.png\",\"articleSection\":[\"covid19\"],\"inLanguage\":\"fr-FR\"},{\"@type\":\"WebPage\",\"@id\":\"https:\/\/covid19-a-savoir.net\/index.php\/2023\/03\/13\/comment-parler-a-un-ado-pour-parvenir-a-une-communication-fluide-et-efficace\/\",\"url\":\"https:\/\/covid19-a-savoir.net\/index.php\/2023\/03\/13\/comment-parler-a-un-ado-pour-parvenir-a-une-communication-fluide-et-efficace\/\",\"name\":\"Comment parler \u00e0 un ado pour parvenir \u00e0 une communication fluide et efficace ? - Actualit\u00e9s, , .... Apr\u00e8s la p\u00e9riode &quot;covid19&quot;\",\"isPartOf\":{\"@id\":\"https:\/\/covid19-a-savoir.net\/#website\"},\"primaryImageOfPage\":{\"@id\":\"https:\/\/covid19-a-savoir.net\/index.php\/2023\/03\/13\/comment-parler-a-un-ado-pour-parvenir-a-une-communication-fluide-et-efficace\/#primaryimage\"},\"image\":{\"@id\":\"https:\/\/covid19-a-savoir.net\/index.php\/2023\/03\/13\/comment-parler-a-un-ado-pour-parvenir-a-une-communication-fluide-et-efficace\/#primaryimage\"},\"thumbnailUrl\":\"https:\/\/covid19-a-savoir.net\/wp-content\/uploads\/2023\/03\/Comment-parler-a-un-ado-pour-parvenir-a-une-communication-fluide-et-efficace--1024x1024.png\",\"datePublished\":\"2023-03-13T19:52:59+00:00\",\"dateModified\":\"2023-03-13T20:19:40+00:00\",\"breadcrumb\":{\"@id\":\"https:\/\/covid19-a-savoir.net\/index.php\/2023\/03\/13\/comment-parler-a-un-ado-pour-parvenir-a-une-communication-fluide-et-efficace\/#breadcrumb\"},\"inLanguage\":\"fr-FR\",\"potentialAction\":[{\"@type\":\"ReadAction\",\"target\":[\"https:\/\/covid19-a-savoir.net\/index.php\/2023\/03\/13\/comment-parler-a-un-ado-pour-parvenir-a-une-communication-fluide-et-efficace\/\"]}]},{\"@type\":\"ImageObject\",\"inLanguage\":\"fr-FR\",\"@id\":\"https:\/\/covid19-a-savoir.net\/index.php\/2023\/03\/13\/comment-parler-a-un-ado-pour-parvenir-a-une-communication-fluide-et-efficace\/#primaryimage\",\"url\":\"https:\/\/covid19-a-savoir.net\/wp-content\/uploads\/2023\/03\/Comment-parler-a-un-ado-pour-parvenir-a-une-communication-fluide-et-efficace-.png\",\"contentUrl\":\"https:\/\/covid19-a-savoir.net\/wp-content\/uploads\/2023\/03\/Comment-parler-a-un-ado-pour-parvenir-a-une-communication-fluide-et-efficace-.png\",\"width\":1080,\"height\":1080},{\"@type\":\"BreadcrumbList\",\"@id\":\"https:\/\/covid19-a-savoir.net\/index.php\/2023\/03\/13\/comment-parler-a-un-ado-pour-parvenir-a-une-communication-fluide-et-efficace\/#breadcrumb\",\"itemListElement\":[{\"@type\":\"ListItem\",\"position\":1,\"name\":\"Accueil\",\"item\":\"https:\/\/covid19-a-savoir.net\/\"},{\"@type\":\"ListItem\",\"position\":2,\"name\":\"Comment parler \u00e0 un ado pour parvenir \u00e0 une communication fluide et efficace ?\"}]},{\"@type\":\"WebSite\",\"@id\":\"https:\/\/covid19-a-savoir.net\/#website\",\"url\":\"https:\/\/covid19-a-savoir.net\/\",\"name\":\"Actualit\u00e9s, , .... Apr\u00e8s la p\u00e9riode &quot;covid19&quot;\",\"description\":\"DES V\u00c9RIT\u00c9S QUI D\u00c9RANGENT\",\"publisher\":{\"@id\":\"https:\/\/covid19-a-savoir.net\/#\/schema\/person\/53265987e4424cc7dde2f857d2b378cf\"},\"potentialAction\":[{\"@type\":\"SearchAction\",\"target\":{\"@type\":\"EntryPoint\",\"urlTemplate\":\"https:\/\/covid19-a-savoir.net\/?s={search_term_string}\"},\"query-input\":\"required name=search_term_string\"}],\"inLanguage\":\"fr-FR\"},{\"@type\":[\"Person\",\"Organization\"],\"@id\":\"https:\/\/covid19-a-savoir.net\/#\/schema\/person\/53265987e4424cc7dde2f857d2b378cf\",\"name\":\"GS\",\"image\":{\"@type\":\"ImageObject\",\"inLanguage\":\"fr-FR\",\"@id\":\"https:\/\/covid19-a-savoir.net\/#\/schema\/person\/image\/\",\"url\":\"https:\/\/covid19-a-savoir.net\/wp-content\/uploads\/2022\/07\/dans-ce-monde-312x312-1.png\",\"contentUrl\":\"https:\/\/covid19-a-savoir.net\/wp-content\/uploads\/2022\/07\/dans-ce-monde-312x312-1.png\",\"width\":312,\"height\":312,\"caption\":\"GS\"},\"logo\":{\"@id\":\"https:\/\/covid19-a-savoir.net\/#\/schema\/person\/image\/\"},\"sameAs\":[\"http:\/\/covid19-a-savoir.net\"],\"url\":\"https:\/\/covid19-a-savoir.net\/index.php\/author\/guido-saverio-sgmail-com\/\"}]}<\/script>\n<!-- \/ Yoast SEO plugin. -->","yoast_head_json":{"title":"Comment parler \u00e0 un ado pour parvenir \u00e0 une communication fluide et efficace ? - Actualit\u00e9s, , .... Apr\u00e8s la p\u00e9riode &quot;covid19&quot;","robots":{"index":"index","follow":"follow","max-snippet":"max-snippet:-1","max-image-preview":"max-image-preview:large","max-video-preview":"max-video-preview:-1"},"canonical":"https:\/\/covid19-a-savoir.net\/index.php\/2023\/03\/13\/comment-parler-a-un-ado-pour-parvenir-a-une-communication-fluide-et-efficace\/","og_locale":"fr_FR","og_type":"article","og_title":"Comment parler \u00e0 un ado pour parvenir \u00e0 une communication fluide et efficace ? - Actualit\u00e9s, , .... Apr\u00e8s la p\u00e9riode &quot;covid19&quot;","og_description":"Communiquer avec un adolescent peut parfois \u00eatre un d\u00e9fi, car les adolescents peuvent avoir des personnalit\u00e9s et des attitudes tr\u00e8s... Read moreComment parler \u00e0 un ado pour parvenir \u00e0 une communication fluide et efficace ?","og_url":"https:\/\/covid19-a-savoir.net\/index.php\/2023\/03\/13\/comment-parler-a-un-ado-pour-parvenir-a-une-communication-fluide-et-efficace\/","og_site_name":"Actualit\u00e9s, , .... Apr\u00e8s la p\u00e9riode &quot;covid19&quot;","article_published_time":"2023-03-13T19:52:59+00:00","article_modified_time":"2023-03-13T20:19:40+00:00","og_image":[{"url":"https:\/\/covid19-a-savoir.net\/wp-content\/uploads\/2023\/03\/Comment-parler-a-un-ado-pour-parvenir-a-une-communication-fluide-et-efficace--1024x1024.png"}],"author":"GS","twitter_card":"summary_large_image","twitter_misc":{"\u00c9crit par":"GS","Dur\u00e9e de lecture estim\u00e9e":"2 minutes"},"schema":{"@context":"https:\/\/schema.org","@graph":[{"@type":"Article","@id":"https:\/\/covid19-a-savoir.net\/index.php\/2023\/03\/13\/comment-parler-a-un-ado-pour-parvenir-a-une-communication-fluide-et-efficace\/#article","isPartOf":{"@id":"https:\/\/covid19-a-savoir.net\/index.php\/2023\/03\/13\/comment-parler-a-un-ado-pour-parvenir-a-une-communication-fluide-et-efficace\/"},"author":{"name":"GS","@id":"https:\/\/covid19-a-savoir.net\/#\/schema\/person\/53265987e4424cc7dde2f857d2b378cf"},"headline":"Comment parler \u00e0 un ado pour parvenir \u00e0 une communication fluide et efficace ?","datePublished":"2023-03-13T19:52:59+00:00","dateModified":"2023-03-13T20:19:40+00:00","mainEntityOfPage":{"@id":"https:\/\/covid19-a-savoir.net\/index.php\/2023\/03\/13\/comment-parler-a-un-ado-pour-parvenir-a-une-communication-fluide-et-efficace\/"},"wordCount":328,"publisher":{"@id":"https:\/\/covid19-a-savoir.net\/#\/schema\/person\/53265987e4424cc7dde2f857d2b378cf"},"image":{"@id":"https:\/\/covid19-a-savoir.net\/index.php\/2023\/03\/13\/comment-parler-a-un-ado-pour-parvenir-a-une-communication-fluide-et-efficace\/#primaryimage"},"thumbnailUrl":"https:\/\/covid19-a-savoir.net\/wp-content\/uploads\/2023\/03\/Comment-parler-a-un-ado-pour-parvenir-a-une-communication-fluide-et-efficace--1024x1024.png","articleSection":["covid19"],"inLanguage":"fr-FR"},{"@type":"WebPage","@id":"https:\/\/covid19-a-savoir.net\/index.php\/2023\/03\/13\/comment-parler-a-un-ado-pour-parvenir-a-une-communication-fluide-et-efficace\/","url":"https:\/\/covid19-a-savoir.net\/index.php\/2023\/03\/13\/comment-parler-a-un-ado-pour-parvenir-a-une-communication-fluide-et-efficace\/","name":"Comment parler \u00e0 un ado pour parvenir \u00e0 une communication fluide et efficace ? - Actualit\u00e9s, , .... Apr\u00e8s la p\u00e9riode &quot;covid19&quot;","isPartOf":{"@id":"https:\/\/covid19-a-savoir.net\/#website"},"primaryImageOfPage":{"@id":"https:\/\/covid19-a-savoir.net\/index.php\/2023\/03\/13\/comment-parler-a-un-ado-pour-parvenir-a-une-communication-fluide-et-efficace\/#primaryimage"},"image":{"@id":"https:\/\/covid19-a-savoir.net\/index.php\/2023\/03\/13\/comment-parler-a-un-ado-pour-parvenir-a-une-communication-fluide-et-efficace\/#primaryimage"},"thumbnailUrl":"https:\/\/covid19-a-savoir.net\/wp-content\/uploads\/2023\/03\/Comment-parler-a-un-ado-pour-parvenir-a-une-communication-fluide-et-efficace--1024x1024.png","datePublished":"2023-03-13T19:52:59+00:00","dateModified":"2023-03-13T20:19:40+00:00","breadcrumb":{"@id":"https:\/\/covid19-a-savoir.net\/index.php\/2023\/03\/13\/comment-parler-a-un-ado-pour-parvenir-a-une-communication-fluide-et-efficace\/#breadcrumb"},"inLanguage":"fr-FR","potentialAction":[{"@type":"ReadAction","target":["https:\/\/covid19-a-savoir.net\/index.php\/2023\/03\/13\/comment-parler-a-un-ado-pour-parvenir-a-une-communication-fluide-et-efficace\/"]}]},{"@type":"ImageObject","inLanguage":"fr-FR","@id":"https:\/\/covid19-a-savoir.net\/index.php\/2023\/03\/13\/comment-parler-a-un-ado-pour-parvenir-a-une-communication-fluide-et-efficace\/#primaryimage","url":"https:\/\/covid19-a-savoir.net\/wp-content\/uploads\/2023\/03\/Comment-parler-a-un-ado-pour-parvenir-a-une-communication-fluide-et-efficace-.png","contentUrl":"https:\/\/covid19-a-savoir.net\/wp-content\/uploads\/2023\/03\/Comment-parler-a-un-ado-pour-parvenir-a-une-communication-fluide-et-efficace-.png","width":1080,"height":1080},{"@type":"BreadcrumbList","@id":"https:\/\/covid19-a-savoir.net\/index.php\/2023\/03\/13\/comment-parler-a-un-ado-pour-parvenir-a-une-communication-fluide-et-efficace\/#breadcrumb","itemListElement":[{"@type":"ListItem","position":1,"name":"Accueil","item":"https:\/\/covid19-a-savoir.net\/"},{"@type":"ListItem","position":2,"name":"Comment parler \u00e0 un ado pour parvenir \u00e0 une communication fluide et efficace ?"}]},{"@type":"WebSite","@id":"https:\/\/covid19-a-savoir.net\/#website","url":"https:\/\/covid19-a-savoir.net\/","name":"Actualit\u00e9s, , .... Apr\u00e8s la p\u00e9riode &quot;covid19&quot;","description":"DES V\u00c9RIT\u00c9S QUI D\u00c9RANGENT","publisher":{"@id":"https:\/\/covid19-a-savoir.net\/#\/schema\/person\/53265987e4424cc7dde2f857d2b378cf"},"potentialAction":[{"@type":"SearchAction","target":{"@type":"EntryPoint","urlTemplate":"https:\/\/covid19-a-savoir.net\/?s={search_term_string}"},"query-input":"required name=search_term_string"}],"inLanguage":"fr-FR"},{"@type":["Person","Organization"],"@id":"https:\/\/covid19-a-savoir.net\/#\/schema\/person\/53265987e4424cc7dde2f857d2b378cf","name":"GS","image":{"@type":"ImageObject","inLanguage":"fr-FR","@id":"https:\/\/covid19-a-savoir.net\/#\/schema\/person\/image\/","url":"https:\/\/covid19-a-savoir.net\/wp-content\/uploads\/2022\/07\/dans-ce-monde-312x312-1.png","contentUrl":"https:\/\/covid19-a-savoir.net\/wp-content\/uploads\/2022\/07\/dans-ce-monde-312x312-1.png","width":312,"height":312,"caption":"GS"},"logo":{"@id":"https:\/\/covid19-a-savoir.net\/#\/schema\/person\/image\/"},"sameAs":["http:\/\/covid19-a-savoir.net"],"url":"https:\/\/covid19-a-savoir.net\/index.php\/author\/guido-saverio-sgmail-com\/"}]}},"jetpack_sharing_enabled":true,"jetpack_featured_media_url":"","_links":{"self":[{"href":"https:\/\/covid19-a-savoir.net\/index.php\/wp-json\/wp\/v2\/posts\/2534"}],"collection":[{"href":"https:\/\/covid19-a-savoir.net\/index.php\/wp-json\/wp\/v2\/posts"}],"about":[{"href":"https:\/\/covid19-a-savoir.net\/index.php\/wp-json\/wp\/v2\/types\/post"}],"author":[{"embeddable":true,"href":"https:\/\/covid19-a-savoir.net\/index.php\/wp-json\/wp\/v2\/users\/1"}],"replies":[{"embeddable":true,"href":"https:\/\/covid19-a-savoir.net\/index.php\/wp-json\/wp\/v2\/comments?post=2534"}],"version-history":[{"count":2,"href":"https:\/\/covid19-a-savoir.net\/index.php\/wp-json\/wp\/v2\/posts\/2534\/revisions"}],"predecessor-version":[{"id":2544,"href":"https:\/\/covid19-a-savoir.net\/index.php\/wp-json\/wp\/v2\/posts\/2534\/revisions\/2544"}],"wp:attachment":[{"href":"https:\/\/covid19-a-savoir.net\/index.php\/wp-json\/wp\/v2\/media?parent=2534"}],"wp:term":[{"taxonomy":"category","embeddable":true,"href":"https:\/\/covid19-a-savoir.net\/index.php\/wp-json\/wp\/v2\/categories?post=2534"},{"taxonomy":"post_tag","embeddable":true,"href":"https:\/\/covid19-a-savoir.net\/index.php\/wp-json\/wp\/v2\/tags?post=2534"}],"curies":[{"name":"wp","href":"https:\/\/api.w.org\/{rel}","templated":true}]}}