{"id":2334,"date":"2023-01-11T20:05:55","date_gmt":"2023-01-11T20:05:55","guid":{"rendered":"https:\/\/covid19-a-savoir.net\/?p=2334"},"modified":"2023-01-11T20:05:57","modified_gmt":"2023-01-11T20:05:57","slug":"arretez-de-vous-comparer-aux-autres","status":"publish","type":"post","link":"https:\/\/covid19-a-savoir.net\/index.php\/2023\/01\/11\/arretez-de-vous-comparer-aux-autres\/","title":{"rendered":"Arr\u00eatez de vous comparer aux autres"},"content":{"rendered":"<div id=\"dslc-theme-content\"><div id=\"dslc-theme-content-inner\">\n<p>Se comparer aux autres peut \u00eatre source de stress et de frustration, car il est souvent difficile de se mesurer \u00e0 des personnes qui ont des vies, des talents et des r\u00e9ussites diff\u00e9rents. Il est important de se rappeler que chacun a ses propres forces et ses propres d\u00e9fis, et qu&rsquo;il est impossible de les comparer directement.<\/p>\n\n\n\n<p>Voici quelques conseils pour vous aider \u00e0 arr\u00eater de vous comparer aux autres :<\/p>\n\n\n\n<ol><li>Fixez-vous des objectifs r\u00e9alisables : Au lieu de vous concentrer sur ce que les autres ont accompli, concentrez-vous sur ce que vous voulez accomplir et sur les \u00e9tapes que vous devez suivre pour y parvenir.<\/li><li>Acceptez vos imperfections : Personne n&rsquo;est parfait, et il est important d&rsquo;accepter vos propres imperfections plut\u00f4t que de vous concentrer sur celles des autres.<\/li><li>Apprenez \u00e0 vous conna\u00eetre : Plus vous vous conna\u00eetrez vous-m\u00eame, plus vous serez en mesure de comprendre vos propres besoins et de les satisfaire.<\/li><li>Cultivez une attitude de gratitude : Au lieu de vous concentrer sur ce que les autres ont et que vous n&rsquo;avez pas, concentrez-vous sur ce que vous avez et soyez reconnaissant pour cela.<\/li><li>Entourez-vous de personnes positives: Entourez-vous de personnes qui vous encourage et vous soutient. \u00c9vitez les personnes qui vous mettent en doute ou vous critiquent.<\/li><li>Faites une activit\u00e9 qui vous fait du bien : Trouvez une activit\u00e9 qui vous apporte du plaisir, de la satisfaction et de l&rsquo;accomplissement personnel, et consacrez-y du temps chaque jour. Cela vous aidera \u00e0 vous concentrer sur vous-m\u00eame plut\u00f4t que sur les autres.<\/li><\/ol>\n\n\n\n<p>Il est important de rappeler que chacun est unique et a sa propre histoire. Se comparer aux autres peut causer de la souffrance \u00e9motionnelle inutile. Il est important de se concentrer sur soi et sur ses propres objectifs et r\u00e9alisations, plut\u00f4t que de se concentrer sur ce que les autres ont ou font.<\/p>\n<\/div><\/div>","protected":false},"excerpt":{"rendered":"<p>Se comparer aux autres peut \u00eatre source de stress et de frustration, car il est souvent difficile de se mesurer&#8230; <a href=\"https:\/\/covid19-a-savoir.net\/index.php\/2023\/01\/11\/arretez-de-vous-comparer-aux-autres\/\" class=\"readmore\">Read more<span class=\"screen-reader-text\">Arr\u00eatez de vous comparer aux autres<\/span><span class=\"fa fa-angle-double-right\" aria-hidden=\"true\"><\/span><\/a><\/p>\n","protected":false},"author":1,"featured_media":0,"comment_status":"closed","ping_status":"closed","sticky":false,"template":"","format":"standard","meta":{"_jetpack_memberships_contains_paid_content":false,"footnotes":""},"categories":[1],"tags":[],"yoast_head":"<!-- This site is optimized with the Yoast SEO plugin v23.2 - https:\/\/yoast.com\/wordpress\/plugins\/seo\/ -->\n<title>Arr\u00eatez de vous comparer aux autres - Actualit\u00e9s, , .... Apr\u00e8s la p\u00e9riode &quot;covid19&quot;<\/title>\n<meta name=\"robots\" content=\"index, follow, max-snippet:-1, max-image-preview:large, max-video-preview:-1\" \/>\n<link rel=\"canonical\" href=\"https:\/\/covid19-a-savoir.net\/index.php\/2023\/01\/11\/arretez-de-vous-comparer-aux-autres\/\" \/>\n<meta property=\"og:locale\" content=\"fr_FR\" \/>\n<meta property=\"og:type\" content=\"article\" \/>\n<meta property=\"og:title\" content=\"Arr\u00eatez de vous comparer aux autres - Actualit\u00e9s, , .... Apr\u00e8s la p\u00e9riode &quot;covid19&quot;\" \/>\n<meta property=\"og:description\" content=\"Se comparer aux autres peut \u00eatre source de stress et de frustration, car il est souvent difficile de se mesurer... Read moreArr\u00eatez de vous comparer aux autres\" \/>\n<meta property=\"og:url\" content=\"https:\/\/covid19-a-savoir.net\/index.php\/2023\/01\/11\/arretez-de-vous-comparer-aux-autres\/\" \/>\n<meta property=\"og:site_name\" content=\"Actualit\u00e9s, , .... Apr\u00e8s la p\u00e9riode &quot;covid19&quot;\" \/>\n<meta property=\"article:published_time\" content=\"2023-01-11T20:05:55+00:00\" \/>\n<meta property=\"article:modified_time\" content=\"2023-01-11T20:05:57+00:00\" \/>\n<meta name=\"author\" content=\"GS\" \/>\n<meta name=\"twitter:card\" content=\"summary_large_image\" \/>\n<meta name=\"twitter:label1\" content=\"\u00c9crit par\" \/>\n\t<meta name=\"twitter:data1\" content=\"GS\" \/>\n\t<meta name=\"twitter:label2\" content=\"Dur\u00e9e de lecture estim\u00e9e\" \/>\n\t<meta name=\"twitter:data2\" content=\"2 minutes\" \/>\n<script type=\"application\/ld+json\" class=\"yoast-schema-graph\">{\"@context\":\"https:\/\/schema.org\",\"@graph\":[{\"@type\":\"Article\",\"@id\":\"https:\/\/covid19-a-savoir.net\/index.php\/2023\/01\/11\/arretez-de-vous-comparer-aux-autres\/#article\",\"isPartOf\":{\"@id\":\"https:\/\/covid19-a-savoir.net\/index.php\/2023\/01\/11\/arretez-de-vous-comparer-aux-autres\/\"},\"author\":{\"name\":\"GS\",\"@id\":\"https:\/\/covid19-a-savoir.net\/#\/schema\/person\/53265987e4424cc7dde2f857d2b378cf\"},\"headline\":\"Arr\u00eatez de vous comparer aux autres\",\"datePublished\":\"2023-01-11T20:05:55+00:00\",\"dateModified\":\"2023-01-11T20:05:57+00:00\",\"mainEntityOfPage\":{\"@id\":\"https:\/\/covid19-a-savoir.net\/index.php\/2023\/01\/11\/arretez-de-vous-comparer-aux-autres\/\"},\"wordCount\":317,\"publisher\":{\"@id\":\"https:\/\/covid19-a-savoir.net\/#\/schema\/person\/53265987e4424cc7dde2f857d2b378cf\"},\"articleSection\":[\"covid19\"],\"inLanguage\":\"fr-FR\"},{\"@type\":\"WebPage\",\"@id\":\"https:\/\/covid19-a-savoir.net\/index.php\/2023\/01\/11\/arretez-de-vous-comparer-aux-autres\/\",\"url\":\"https:\/\/covid19-a-savoir.net\/index.php\/2023\/01\/11\/arretez-de-vous-comparer-aux-autres\/\",\"name\":\"Arr\u00eatez de vous comparer aux autres - Actualit\u00e9s, , .... Apr\u00e8s la p\u00e9riode &quot;covid19&quot;\",\"isPartOf\":{\"@id\":\"https:\/\/covid19-a-savoir.net\/#website\"},\"datePublished\":\"2023-01-11T20:05:55+00:00\",\"dateModified\":\"2023-01-11T20:05:57+00:00\",\"breadcrumb\":{\"@id\":\"https:\/\/covid19-a-savoir.net\/index.php\/2023\/01\/11\/arretez-de-vous-comparer-aux-autres\/#breadcrumb\"},\"inLanguage\":\"fr-FR\",\"potentialAction\":[{\"@type\":\"ReadAction\",\"target\":[\"https:\/\/covid19-a-savoir.net\/index.php\/2023\/01\/11\/arretez-de-vous-comparer-aux-autres\/\"]}]},{\"@type\":\"BreadcrumbList\",\"@id\":\"https:\/\/covid19-a-savoir.net\/index.php\/2023\/01\/11\/arretez-de-vous-comparer-aux-autres\/#breadcrumb\",\"itemListElement\":[{\"@type\":\"ListItem\",\"position\":1,\"name\":\"Accueil\",\"item\":\"https:\/\/covid19-a-savoir.net\/\"},{\"@type\":\"ListItem\",\"position\":2,\"name\":\"Arr\u00eatez de vous comparer aux autres\"}]},{\"@type\":\"WebSite\",\"@id\":\"https:\/\/covid19-a-savoir.net\/#website\",\"url\":\"https:\/\/covid19-a-savoir.net\/\",\"name\":\"Actualit\u00e9s, , .... Apr\u00e8s la p\u00e9riode &quot;covid19&quot;\",\"description\":\"DES V\u00c9RIT\u00c9S QUI D\u00c9RANGENT\",\"publisher\":{\"@id\":\"https:\/\/covid19-a-savoir.net\/#\/schema\/person\/53265987e4424cc7dde2f857d2b378cf\"},\"potentialAction\":[{\"@type\":\"SearchAction\",\"target\":{\"@type\":\"EntryPoint\",\"urlTemplate\":\"https:\/\/covid19-a-savoir.net\/?s={search_term_string}\"},\"query-input\":\"required name=search_term_string\"}],\"inLanguage\":\"fr-FR\"},{\"@type\":[\"Person\",\"Organization\"],\"@id\":\"https:\/\/covid19-a-savoir.net\/#\/schema\/person\/53265987e4424cc7dde2f857d2b378cf\",\"name\":\"GS\",\"image\":{\"@type\":\"ImageObject\",\"inLanguage\":\"fr-FR\",\"@id\":\"https:\/\/covid19-a-savoir.net\/#\/schema\/person\/image\/\",\"url\":\"https:\/\/covid19-a-savoir.net\/wp-content\/uploads\/2022\/07\/dans-ce-monde-312x312-1.png\",\"contentUrl\":\"https:\/\/covid19-a-savoir.net\/wp-content\/uploads\/2022\/07\/dans-ce-monde-312x312-1.png\",\"width\":312,\"height\":312,\"caption\":\"GS\"},\"logo\":{\"@id\":\"https:\/\/covid19-a-savoir.net\/#\/schema\/person\/image\/\"},\"sameAs\":[\"http:\/\/covid19-a-savoir.net\"],\"url\":\"https:\/\/covid19-a-savoir.net\/index.php\/author\/guido-saverio-sgmail-com\/\"}]}<\/script>\n<!-- \/ Yoast SEO plugin. -->","yoast_head_json":{"title":"Arr\u00eatez de vous comparer aux autres - Actualit\u00e9s, , .... Apr\u00e8s la p\u00e9riode &quot;covid19&quot;","robots":{"index":"index","follow":"follow","max-snippet":"max-snippet:-1","max-image-preview":"max-image-preview:large","max-video-preview":"max-video-preview:-1"},"canonical":"https:\/\/covid19-a-savoir.net\/index.php\/2023\/01\/11\/arretez-de-vous-comparer-aux-autres\/","og_locale":"fr_FR","og_type":"article","og_title":"Arr\u00eatez de vous comparer aux autres - Actualit\u00e9s, , .... Apr\u00e8s la p\u00e9riode &quot;covid19&quot;","og_description":"Se comparer aux autres peut \u00eatre source de stress et de frustration, car il est souvent difficile de se mesurer... Read moreArr\u00eatez de vous comparer aux autres","og_url":"https:\/\/covid19-a-savoir.net\/index.php\/2023\/01\/11\/arretez-de-vous-comparer-aux-autres\/","og_site_name":"Actualit\u00e9s, , .... Apr\u00e8s la p\u00e9riode &quot;covid19&quot;","article_published_time":"2023-01-11T20:05:55+00:00","article_modified_time":"2023-01-11T20:05:57+00:00","author":"GS","twitter_card":"summary_large_image","twitter_misc":{"\u00c9crit par":"GS","Dur\u00e9e de lecture estim\u00e9e":"2 minutes"},"schema":{"@context":"https:\/\/schema.org","@graph":[{"@type":"Article","@id":"https:\/\/covid19-a-savoir.net\/index.php\/2023\/01\/11\/arretez-de-vous-comparer-aux-autres\/#article","isPartOf":{"@id":"https:\/\/covid19-a-savoir.net\/index.php\/2023\/01\/11\/arretez-de-vous-comparer-aux-autres\/"},"author":{"name":"GS","@id":"https:\/\/covid19-a-savoir.net\/#\/schema\/person\/53265987e4424cc7dde2f857d2b378cf"},"headline":"Arr\u00eatez de vous comparer aux autres","datePublished":"2023-01-11T20:05:55+00:00","dateModified":"2023-01-11T20:05:57+00:00","mainEntityOfPage":{"@id":"https:\/\/covid19-a-savoir.net\/index.php\/2023\/01\/11\/arretez-de-vous-comparer-aux-autres\/"},"wordCount":317,"publisher":{"@id":"https:\/\/covid19-a-savoir.net\/#\/schema\/person\/53265987e4424cc7dde2f857d2b378cf"},"articleSection":["covid19"],"inLanguage":"fr-FR"},{"@type":"WebPage","@id":"https:\/\/covid19-a-savoir.net\/index.php\/2023\/01\/11\/arretez-de-vous-comparer-aux-autres\/","url":"https:\/\/covid19-a-savoir.net\/index.php\/2023\/01\/11\/arretez-de-vous-comparer-aux-autres\/","name":"Arr\u00eatez de vous comparer aux autres - Actualit\u00e9s, , .... Apr\u00e8s la p\u00e9riode &quot;covid19&quot;","isPartOf":{"@id":"https:\/\/covid19-a-savoir.net\/#website"},"datePublished":"2023-01-11T20:05:55+00:00","dateModified":"2023-01-11T20:05:57+00:00","breadcrumb":{"@id":"https:\/\/covid19-a-savoir.net\/index.php\/2023\/01\/11\/arretez-de-vous-comparer-aux-autres\/#breadcrumb"},"inLanguage":"fr-FR","potentialAction":[{"@type":"ReadAction","target":["https:\/\/covid19-a-savoir.net\/index.php\/2023\/01\/11\/arretez-de-vous-comparer-aux-autres\/"]}]},{"@type":"BreadcrumbList","@id":"https:\/\/covid19-a-savoir.net\/index.php\/2023\/01\/11\/arretez-de-vous-comparer-aux-autres\/#breadcrumb","itemListElement":[{"@type":"ListItem","position":1,"name":"Accueil","item":"https:\/\/covid19-a-savoir.net\/"},{"@type":"ListItem","position":2,"name":"Arr\u00eatez de vous comparer aux autres"}]},{"@type":"WebSite","@id":"https:\/\/covid19-a-savoir.net\/#website","url":"https:\/\/covid19-a-savoir.net\/","name":"Actualit\u00e9s, , .... Apr\u00e8s la p\u00e9riode &quot;covid19&quot;","description":"DES V\u00c9RIT\u00c9S QUI D\u00c9RANGENT","publisher":{"@id":"https:\/\/covid19-a-savoir.net\/#\/schema\/person\/53265987e4424cc7dde2f857d2b378cf"},"potentialAction":[{"@type":"SearchAction","target":{"@type":"EntryPoint","urlTemplate":"https:\/\/covid19-a-savoir.net\/?s={search_term_string}"},"query-input":"required name=search_term_string"}],"inLanguage":"fr-FR"},{"@type":["Person","Organization"],"@id":"https:\/\/covid19-a-savoir.net\/#\/schema\/person\/53265987e4424cc7dde2f857d2b378cf","name":"GS","image":{"@type":"ImageObject","inLanguage":"fr-FR","@id":"https:\/\/covid19-a-savoir.net\/#\/schema\/person\/image\/","url":"https:\/\/covid19-a-savoir.net\/wp-content\/uploads\/2022\/07\/dans-ce-monde-312x312-1.png","contentUrl":"https:\/\/covid19-a-savoir.net\/wp-content\/uploads\/2022\/07\/dans-ce-monde-312x312-1.png","width":312,"height":312,"caption":"GS"},"logo":{"@id":"https:\/\/covid19-a-savoir.net\/#\/schema\/person\/image\/"},"sameAs":["http:\/\/covid19-a-savoir.net"],"url":"https:\/\/covid19-a-savoir.net\/index.php\/author\/guido-saverio-sgmail-com\/"}]}},"jetpack_sharing_enabled":true,"jetpack_featured_media_url":"","_links":{"self":[{"href":"https:\/\/covid19-a-savoir.net\/index.php\/wp-json\/wp\/v2\/posts\/2334"}],"collection":[{"href":"https:\/\/covid19-a-savoir.net\/index.php\/wp-json\/wp\/v2\/posts"}],"about":[{"href":"https:\/\/covid19-a-savoir.net\/index.php\/wp-json\/wp\/v2\/types\/post"}],"author":[{"embeddable":true,"href":"https:\/\/covid19-a-savoir.net\/index.php\/wp-json\/wp\/v2\/users\/1"}],"replies":[{"embeddable":true,"href":"https:\/\/covid19-a-savoir.net\/index.php\/wp-json\/wp\/v2\/comments?post=2334"}],"version-history":[{"count":1,"href":"https:\/\/covid19-a-savoir.net\/index.php\/wp-json\/wp\/v2\/posts\/2334\/revisions"}],"predecessor-version":[{"id":2335,"href":"https:\/\/covid19-a-savoir.net\/index.php\/wp-json\/wp\/v2\/posts\/2334\/revisions\/2335"}],"wp:attachment":[{"href":"https:\/\/covid19-a-savoir.net\/index.php\/wp-json\/wp\/v2\/media?parent=2334"}],"wp:term":[{"taxonomy":"category","embeddable":true,"href":"https:\/\/covid19-a-savoir.net\/index.php\/wp-json\/wp\/v2\/categories?post=2334"},{"taxonomy":"post_tag","embeddable":true,"href":"https:\/\/covid19-a-savoir.net\/index.php\/wp-json\/wp\/v2\/tags?post=2334"}],"curies":[{"name":"wp","href":"https:\/\/api.w.org\/{rel}","templated":true}]}}