{"id":2318,"date":"2023-01-11T10:56:10","date_gmt":"2023-01-11T10:56:10","guid":{"rendered":"https:\/\/covid19-a-savoir.net\/?p=2318"},"modified":"2023-01-11T10:56:12","modified_gmt":"2023-01-11T10:56:12","slug":"comment-se-proteger-des-ondes","status":"publish","type":"post","link":"https:\/\/covid19-a-savoir.net\/index.php\/2023\/01\/11\/comment-se-proteger-des-ondes\/","title":{"rendered":"comment se proteger des ondes"},"content":{"rendered":"<div id=\"dslc-theme-content\"><div id=\"dslc-theme-content-inner\">\n<p>Il existe plusieurs fa\u00e7ons de se prot\u00e9ger des ondes \u00e9lectromagn\u00e9tiques, notamment :<\/p>\n\n\n\n<ul><li>Maintenir une distance de s\u00e9curit\u00e9 avec les sources d&rsquo;ondes, comme les t\u00e9l\u00e9phones cellulaires, les ordinateurs portables, les routeurs Wi-Fi, etc.<\/li><li>Utiliser des accessoires de protection, tels que des \u00e9tuis pour t\u00e9l\u00e9phones cellulaires ou des filtres pour ordinateurs, qui peuvent aider \u00e0 r\u00e9duire l&rsquo;exposition aux ondes \u00e9lectromagn\u00e9tiques.<\/li><li>\u00c9viter de porter des appareils \u00e9lectroniques contre le corps, comme des t\u00e9l\u00e9phones cellulaires dans les poches ou des ordinateurs portables sur les genoux.<\/li><li>Dormir loin des appareils \u00e9lectroniques, qui peuvent interf\u00e9rer avec les rythmes circadiens et le sommeil.<\/li><li>Utiliser des rideaux, des stores, des papiers peints, des peintures ou des rev\u00eatements de sol qui peuvent bloquer les ondes \u00e9lectromagn\u00e9tiques.<\/li><\/ul>\n\n\n\n<p>Il est important de noter que la recherche scientifique sur les effets des ondes \u00e9lectromagn\u00e9tiques sur la sant\u00e9 humaine est encore en cours et que les r\u00e9sultats sont parfois contradictoires. Il est donc important de continuer \u00e0 surveiller les d\u00e9veloppements dans ce domaine.<\/p>\n<\/div><\/div>","protected":false},"excerpt":{"rendered":"<p>Il existe plusieurs fa\u00e7ons de se prot\u00e9ger des ondes \u00e9lectromagn\u00e9tiques, notamment : Maintenir une distance de s\u00e9curit\u00e9 avec les sources&#8230; <a href=\"https:\/\/covid19-a-savoir.net\/index.php\/2023\/01\/11\/comment-se-proteger-des-ondes\/\" class=\"readmore\">Read more<span class=\"screen-reader-text\">comment se proteger des ondes<\/span><span class=\"fa fa-angle-double-right\" aria-hidden=\"true\"><\/span><\/a><\/p>\n","protected":false},"author":1,"featured_media":0,"comment_status":"closed","ping_status":"closed","sticky":false,"template":"","format":"standard","meta":{"_jetpack_memberships_contains_paid_content":false,"footnotes":""},"categories":[1],"tags":[],"yoast_head":"<!-- This site is optimized with the Yoast SEO plugin v23.2 - https:\/\/yoast.com\/wordpress\/plugins\/seo\/ -->\n<title>comment se proteger des ondes - Actualit\u00e9s, , .... Apr\u00e8s la p\u00e9riode &quot;covid19&quot;<\/title>\n<meta name=\"robots\" content=\"index, follow, max-snippet:-1, max-image-preview:large, max-video-preview:-1\" \/>\n<link rel=\"canonical\" href=\"https:\/\/covid19-a-savoir.net\/index.php\/2023\/01\/11\/comment-se-proteger-des-ondes\/\" \/>\n<meta property=\"og:locale\" content=\"fr_FR\" \/>\n<meta property=\"og:type\" content=\"article\" \/>\n<meta property=\"og:title\" content=\"comment se proteger des ondes - Actualit\u00e9s, , .... Apr\u00e8s la p\u00e9riode &quot;covid19&quot;\" \/>\n<meta property=\"og:description\" content=\"Il existe plusieurs fa\u00e7ons de se prot\u00e9ger des ondes \u00e9lectromagn\u00e9tiques, notamment : Maintenir une distance de s\u00e9curit\u00e9 avec les sources... Read morecomment se proteger des ondes\" \/>\n<meta property=\"og:url\" content=\"https:\/\/covid19-a-savoir.net\/index.php\/2023\/01\/11\/comment-se-proteger-des-ondes\/\" \/>\n<meta property=\"og:site_name\" content=\"Actualit\u00e9s, , .... Apr\u00e8s la p\u00e9riode &quot;covid19&quot;\" \/>\n<meta property=\"article:published_time\" content=\"2023-01-11T10:56:10+00:00\" \/>\n<meta property=\"article:modified_time\" content=\"2023-01-11T10:56:12+00:00\" \/>\n<meta name=\"author\" content=\"GS\" \/>\n<meta name=\"twitter:card\" content=\"summary_large_image\" \/>\n<meta name=\"twitter:label1\" content=\"\u00c9crit par\" \/>\n\t<meta name=\"twitter:data1\" content=\"GS\" \/>\n\t<meta name=\"twitter:label2\" content=\"Dur\u00e9e de lecture estim\u00e9e\" \/>\n\t<meta name=\"twitter:data2\" content=\"1 minute\" \/>\n<script type=\"application\/ld+json\" class=\"yoast-schema-graph\">{\"@context\":\"https:\/\/schema.org\",\"@graph\":[{\"@type\":\"Article\",\"@id\":\"https:\/\/covid19-a-savoir.net\/index.php\/2023\/01\/11\/comment-se-proteger-des-ondes\/#article\",\"isPartOf\":{\"@id\":\"https:\/\/covid19-a-savoir.net\/index.php\/2023\/01\/11\/comment-se-proteger-des-ondes\/\"},\"author\":{\"name\":\"GS\",\"@id\":\"https:\/\/covid19-a-savoir.net\/#\/schema\/person\/53265987e4424cc7dde2f857d2b378cf\"},\"headline\":\"comment se proteger des ondes\",\"datePublished\":\"2023-01-11T10:56:10+00:00\",\"dateModified\":\"2023-01-11T10:56:12+00:00\",\"mainEntityOfPage\":{\"@id\":\"https:\/\/covid19-a-savoir.net\/index.php\/2023\/01\/11\/comment-se-proteger-des-ondes\/\"},\"wordCount\":180,\"publisher\":{\"@id\":\"https:\/\/covid19-a-savoir.net\/#\/schema\/person\/53265987e4424cc7dde2f857d2b378cf\"},\"articleSection\":[\"covid19\"],\"inLanguage\":\"fr-FR\"},{\"@type\":\"WebPage\",\"@id\":\"https:\/\/covid19-a-savoir.net\/index.php\/2023\/01\/11\/comment-se-proteger-des-ondes\/\",\"url\":\"https:\/\/covid19-a-savoir.net\/index.php\/2023\/01\/11\/comment-se-proteger-des-ondes\/\",\"name\":\"comment se proteger des ondes - Actualit\u00e9s, , .... Apr\u00e8s la p\u00e9riode &quot;covid19&quot;\",\"isPartOf\":{\"@id\":\"https:\/\/covid19-a-savoir.net\/#website\"},\"datePublished\":\"2023-01-11T10:56:10+00:00\",\"dateModified\":\"2023-01-11T10:56:12+00:00\",\"breadcrumb\":{\"@id\":\"https:\/\/covid19-a-savoir.net\/index.php\/2023\/01\/11\/comment-se-proteger-des-ondes\/#breadcrumb\"},\"inLanguage\":\"fr-FR\",\"potentialAction\":[{\"@type\":\"ReadAction\",\"target\":[\"https:\/\/covid19-a-savoir.net\/index.php\/2023\/01\/11\/comment-se-proteger-des-ondes\/\"]}]},{\"@type\":\"BreadcrumbList\",\"@id\":\"https:\/\/covid19-a-savoir.net\/index.php\/2023\/01\/11\/comment-se-proteger-des-ondes\/#breadcrumb\",\"itemListElement\":[{\"@type\":\"ListItem\",\"position\":1,\"name\":\"Accueil\",\"item\":\"https:\/\/covid19-a-savoir.net\/\"},{\"@type\":\"ListItem\",\"position\":2,\"name\":\"comment se proteger des ondes\"}]},{\"@type\":\"WebSite\",\"@id\":\"https:\/\/covid19-a-savoir.net\/#website\",\"url\":\"https:\/\/covid19-a-savoir.net\/\",\"name\":\"Actualit\u00e9s, , .... Apr\u00e8s la p\u00e9riode &quot;covid19&quot;\",\"description\":\"DES V\u00c9RIT\u00c9S QUI D\u00c9RANGENT\",\"publisher\":{\"@id\":\"https:\/\/covid19-a-savoir.net\/#\/schema\/person\/53265987e4424cc7dde2f857d2b378cf\"},\"potentialAction\":[{\"@type\":\"SearchAction\",\"target\":{\"@type\":\"EntryPoint\",\"urlTemplate\":\"https:\/\/covid19-a-savoir.net\/?s={search_term_string}\"},\"query-input\":\"required name=search_term_string\"}],\"inLanguage\":\"fr-FR\"},{\"@type\":[\"Person\",\"Organization\"],\"@id\":\"https:\/\/covid19-a-savoir.net\/#\/schema\/person\/53265987e4424cc7dde2f857d2b378cf\",\"name\":\"GS\",\"image\":{\"@type\":\"ImageObject\",\"inLanguage\":\"fr-FR\",\"@id\":\"https:\/\/covid19-a-savoir.net\/#\/schema\/person\/image\/\",\"url\":\"https:\/\/covid19-a-savoir.net\/wp-content\/uploads\/2022\/07\/dans-ce-monde-312x312-1.png\",\"contentUrl\":\"https:\/\/covid19-a-savoir.net\/wp-content\/uploads\/2022\/07\/dans-ce-monde-312x312-1.png\",\"width\":312,\"height\":312,\"caption\":\"GS\"},\"logo\":{\"@id\":\"https:\/\/covid19-a-savoir.net\/#\/schema\/person\/image\/\"},\"sameAs\":[\"http:\/\/covid19-a-savoir.net\"],\"url\":\"https:\/\/covid19-a-savoir.net\/index.php\/author\/guido-saverio-sgmail-com\/\"}]}<\/script>\n<!-- \/ Yoast SEO plugin. -->","yoast_head_json":{"title":"comment se proteger des ondes - Actualit\u00e9s, , .... Apr\u00e8s la p\u00e9riode &quot;covid19&quot;","robots":{"index":"index","follow":"follow","max-snippet":"max-snippet:-1","max-image-preview":"max-image-preview:large","max-video-preview":"max-video-preview:-1"},"canonical":"https:\/\/covid19-a-savoir.net\/index.php\/2023\/01\/11\/comment-se-proteger-des-ondes\/","og_locale":"fr_FR","og_type":"article","og_title":"comment se proteger des ondes - Actualit\u00e9s, , .... Apr\u00e8s la p\u00e9riode &quot;covid19&quot;","og_description":"Il existe plusieurs fa\u00e7ons de se prot\u00e9ger des ondes \u00e9lectromagn\u00e9tiques, notamment : Maintenir une distance de s\u00e9curit\u00e9 avec les sources... Read morecomment se proteger des ondes","og_url":"https:\/\/covid19-a-savoir.net\/index.php\/2023\/01\/11\/comment-se-proteger-des-ondes\/","og_site_name":"Actualit\u00e9s, , .... Apr\u00e8s la p\u00e9riode &quot;covid19&quot;","article_published_time":"2023-01-11T10:56:10+00:00","article_modified_time":"2023-01-11T10:56:12+00:00","author":"GS","twitter_card":"summary_large_image","twitter_misc":{"\u00c9crit par":"GS","Dur\u00e9e de lecture estim\u00e9e":"1 minute"},"schema":{"@context":"https:\/\/schema.org","@graph":[{"@type":"Article","@id":"https:\/\/covid19-a-savoir.net\/index.php\/2023\/01\/11\/comment-se-proteger-des-ondes\/#article","isPartOf":{"@id":"https:\/\/covid19-a-savoir.net\/index.php\/2023\/01\/11\/comment-se-proteger-des-ondes\/"},"author":{"name":"GS","@id":"https:\/\/covid19-a-savoir.net\/#\/schema\/person\/53265987e4424cc7dde2f857d2b378cf"},"headline":"comment se proteger des ondes","datePublished":"2023-01-11T10:56:10+00:00","dateModified":"2023-01-11T10:56:12+00:00","mainEntityOfPage":{"@id":"https:\/\/covid19-a-savoir.net\/index.php\/2023\/01\/11\/comment-se-proteger-des-ondes\/"},"wordCount":180,"publisher":{"@id":"https:\/\/covid19-a-savoir.net\/#\/schema\/person\/53265987e4424cc7dde2f857d2b378cf"},"articleSection":["covid19"],"inLanguage":"fr-FR"},{"@type":"WebPage","@id":"https:\/\/covid19-a-savoir.net\/index.php\/2023\/01\/11\/comment-se-proteger-des-ondes\/","url":"https:\/\/covid19-a-savoir.net\/index.php\/2023\/01\/11\/comment-se-proteger-des-ondes\/","name":"comment se proteger des ondes - Actualit\u00e9s, , .... Apr\u00e8s la p\u00e9riode &quot;covid19&quot;","isPartOf":{"@id":"https:\/\/covid19-a-savoir.net\/#website"},"datePublished":"2023-01-11T10:56:10+00:00","dateModified":"2023-01-11T10:56:12+00:00","breadcrumb":{"@id":"https:\/\/covid19-a-savoir.net\/index.php\/2023\/01\/11\/comment-se-proteger-des-ondes\/#breadcrumb"},"inLanguage":"fr-FR","potentialAction":[{"@type":"ReadAction","target":["https:\/\/covid19-a-savoir.net\/index.php\/2023\/01\/11\/comment-se-proteger-des-ondes\/"]}]},{"@type":"BreadcrumbList","@id":"https:\/\/covid19-a-savoir.net\/index.php\/2023\/01\/11\/comment-se-proteger-des-ondes\/#breadcrumb","itemListElement":[{"@type":"ListItem","position":1,"name":"Accueil","item":"https:\/\/covid19-a-savoir.net\/"},{"@type":"ListItem","position":2,"name":"comment se proteger des ondes"}]},{"@type":"WebSite","@id":"https:\/\/covid19-a-savoir.net\/#website","url":"https:\/\/covid19-a-savoir.net\/","name":"Actualit\u00e9s, , .... Apr\u00e8s la p\u00e9riode &quot;covid19&quot;","description":"DES V\u00c9RIT\u00c9S QUI D\u00c9RANGENT","publisher":{"@id":"https:\/\/covid19-a-savoir.net\/#\/schema\/person\/53265987e4424cc7dde2f857d2b378cf"},"potentialAction":[{"@type":"SearchAction","target":{"@type":"EntryPoint","urlTemplate":"https:\/\/covid19-a-savoir.net\/?s={search_term_string}"},"query-input":"required name=search_term_string"}],"inLanguage":"fr-FR"},{"@type":["Person","Organization"],"@id":"https:\/\/covid19-a-savoir.net\/#\/schema\/person\/53265987e4424cc7dde2f857d2b378cf","name":"GS","image":{"@type":"ImageObject","inLanguage":"fr-FR","@id":"https:\/\/covid19-a-savoir.net\/#\/schema\/person\/image\/","url":"https:\/\/covid19-a-savoir.net\/wp-content\/uploads\/2022\/07\/dans-ce-monde-312x312-1.png","contentUrl":"https:\/\/covid19-a-savoir.net\/wp-content\/uploads\/2022\/07\/dans-ce-monde-312x312-1.png","width":312,"height":312,"caption":"GS"},"logo":{"@id":"https:\/\/covid19-a-savoir.net\/#\/schema\/person\/image\/"},"sameAs":["http:\/\/covid19-a-savoir.net"],"url":"https:\/\/covid19-a-savoir.net\/index.php\/author\/guido-saverio-sgmail-com\/"}]}},"jetpack_sharing_enabled":true,"jetpack_featured_media_url":"","_links":{"self":[{"href":"https:\/\/covid19-a-savoir.net\/index.php\/wp-json\/wp\/v2\/posts\/2318"}],"collection":[{"href":"https:\/\/covid19-a-savoir.net\/index.php\/wp-json\/wp\/v2\/posts"}],"about":[{"href":"https:\/\/covid19-a-savoir.net\/index.php\/wp-json\/wp\/v2\/types\/post"}],"author":[{"embeddable":true,"href":"https:\/\/covid19-a-savoir.net\/index.php\/wp-json\/wp\/v2\/users\/1"}],"replies":[{"embeddable":true,"href":"https:\/\/covid19-a-savoir.net\/index.php\/wp-json\/wp\/v2\/comments?post=2318"}],"version-history":[{"count":1,"href":"https:\/\/covid19-a-savoir.net\/index.php\/wp-json\/wp\/v2\/posts\/2318\/revisions"}],"predecessor-version":[{"id":2319,"href":"https:\/\/covid19-a-savoir.net\/index.php\/wp-json\/wp\/v2\/posts\/2318\/revisions\/2319"}],"wp:attachment":[{"href":"https:\/\/covid19-a-savoir.net\/index.php\/wp-json\/wp\/v2\/media?parent=2318"}],"wp:term":[{"taxonomy":"category","embeddable":true,"href":"https:\/\/covid19-a-savoir.net\/index.php\/wp-json\/wp\/v2\/categories?post=2318"},{"taxonomy":"post_tag","embeddable":true,"href":"https:\/\/covid19-a-savoir.net\/index.php\/wp-json\/wp\/v2\/tags?post=2318"}],"curies":[{"name":"wp","href":"https:\/\/api.w.org\/{rel}","templated":true}]}}