{"id":1057,"date":"2022-01-28T07:31:21","date_gmt":"2022-01-28T07:31:21","guid":{"rendered":"https:\/\/covid19-a-savoir.net\/?p=1057"},"modified":"2022-01-28T07:31:22","modified_gmt":"2022-01-28T07:31:22","slug":"maintenant-5-pays-europeens-considerent-ce-vaccin-comme-dangereux","status":"publish","type":"post","link":"https:\/\/covid19-a-savoir.net\/index.php\/2022\/01\/28\/maintenant-5-pays-europeens-considerent-ce-vaccin-comme-dangereux\/","title":{"rendered":"Maintenant, 5 Pays Europ\u00e9ens Consid\u00e8rent Ce Vaccin Comme Dangereux"},"content":{"rendered":"<div id=\"dslc-theme-content\"><div id=\"dslc-theme-content-inner\">\n<iframe width=\"260\" height=\"115\" src=\"https:\/\/www.youtube.com\/embed\/L3ty0snEtXo\" title=\"YouTube video player\" frameborder=\"0\" allow=\"accelerometer; autoplay; clipboard-write; encrypted-media; gyroscope; picture-in-picture\" allowfullscreen><\/iframe>\n\n\n\n<p class=\"has-vivid-red-color has-text-color has-normal-font-size\"><strong>L&rsquo;Islande vient de rejoindre la Finlande, la Su\u00e8de, la Norv\u00e8ge et le Danemark qui ont limit\u00e9 la vaccination avec le vaccin Moderna. L&rsquo;Islande va m\u00eame plus loin que les pays nordiques, qui ont simplement limit\u00e9 son usage. Elle stoppe compl\u00e8tement son usage. Pourtant, le pays est tr\u00e8s pro-vaccins. Sa population de plus de 12 ans est vaccin\u00e9e \u00e0 88 %. Mais la d\u00e9cision de l&rsquo;Islande est motiv\u00e9e par \u00ab\u00a0l\u2019augmentation de l\u2019incidence de myocardite et de p\u00e9ricardite apr\u00e8s la vaccination avec le vaccin Moderna\u00a0\u00bb.<\/strong><\/p>\n<\/div><\/div>","protected":false},"excerpt":{"rendered":"<p>L&rsquo;Islande vient de rejoindre la Finlande, la Su\u00e8de, la Norv\u00e8ge et le Danemark qui ont limit\u00e9 la vaccination avec le&#8230; <a href=\"https:\/\/covid19-a-savoir.net\/index.php\/2022\/01\/28\/maintenant-5-pays-europeens-considerent-ce-vaccin-comme-dangereux\/\" class=\"readmore\">Read more<span class=\"screen-reader-text\">Maintenant, 5 Pays Europ\u00e9ens Consid\u00e8rent Ce Vaccin Comme Dangereux<\/span><span class=\"fa fa-angle-double-right\" aria-hidden=\"true\"><\/span><\/a><\/p>\n","protected":false},"author":1,"featured_media":0,"comment_status":"closed","ping_status":"closed","sticky":false,"template":"","format":"standard","meta":{"_jetpack_memberships_contains_paid_content":false,"footnotes":""},"categories":[1],"tags":[],"yoast_head":"<!-- This site is optimized with the Yoast SEO plugin v23.2 - https:\/\/yoast.com\/wordpress\/plugins\/seo\/ -->\n<title>Maintenant, 5 Pays Europ\u00e9ens Consid\u00e8rent Ce Vaccin Comme Dangereux - Actualit\u00e9s, , .... Apr\u00e8s la p\u00e9riode &quot;covid19&quot;<\/title>\n<meta name=\"robots\" content=\"index, follow, max-snippet:-1, max-image-preview:large, max-video-preview:-1\" \/>\n<link rel=\"canonical\" href=\"https:\/\/covid19-a-savoir.net\/index.php\/2022\/01\/28\/maintenant-5-pays-europeens-considerent-ce-vaccin-comme-dangereux\/\" \/>\n<meta property=\"og:locale\" content=\"fr_FR\" \/>\n<meta property=\"og:type\" content=\"article\" \/>\n<meta property=\"og:title\" content=\"Maintenant, 5 Pays Europ\u00e9ens Consid\u00e8rent Ce Vaccin Comme Dangereux - Actualit\u00e9s, , .... Apr\u00e8s la p\u00e9riode &quot;covid19&quot;\" \/>\n<meta property=\"og:description\" content=\"L&rsquo;Islande vient de rejoindre la Finlande, la Su\u00e8de, la Norv\u00e8ge et le Danemark qui ont limit\u00e9 la vaccination avec le... Read moreMaintenant, 5 Pays Europ\u00e9ens Consid\u00e8rent Ce Vaccin Comme Dangereux\" \/>\n<meta property=\"og:url\" content=\"https:\/\/covid19-a-savoir.net\/index.php\/2022\/01\/28\/maintenant-5-pays-europeens-considerent-ce-vaccin-comme-dangereux\/\" \/>\n<meta property=\"og:site_name\" content=\"Actualit\u00e9s, , .... Apr\u00e8s la p\u00e9riode &quot;covid19&quot;\" \/>\n<meta property=\"article:published_time\" content=\"2022-01-28T07:31:21+00:00\" \/>\n<meta property=\"article:modified_time\" content=\"2022-01-28T07:31:22+00:00\" \/>\n<meta name=\"author\" content=\"GS\" \/>\n<meta name=\"twitter:card\" content=\"summary_large_image\" \/>\n<meta name=\"twitter:label1\" content=\"\u00c9crit par\" \/>\n\t<meta name=\"twitter:data1\" content=\"GS\" \/>\n<script type=\"application\/ld+json\" class=\"yoast-schema-graph\">{\"@context\":\"https:\/\/schema.org\",\"@graph\":[{\"@type\":\"Article\",\"@id\":\"https:\/\/covid19-a-savoir.net\/index.php\/2022\/01\/28\/maintenant-5-pays-europeens-considerent-ce-vaccin-comme-dangereux\/#article\",\"isPartOf\":{\"@id\":\"https:\/\/covid19-a-savoir.net\/index.php\/2022\/01\/28\/maintenant-5-pays-europeens-considerent-ce-vaccin-comme-dangereux\/\"},\"author\":{\"name\":\"GS\",\"@id\":\"https:\/\/covid19-a-savoir.net\/#\/schema\/person\/53265987e4424cc7dde2f857d2b378cf\"},\"headline\":\"Maintenant, 5 Pays Europ\u00e9ens Consid\u00e8rent Ce Vaccin Comme Dangereux\",\"datePublished\":\"2022-01-28T07:31:21+00:00\",\"dateModified\":\"2022-01-28T07:31:22+00:00\",\"mainEntityOfPage\":{\"@id\":\"https:\/\/covid19-a-savoir.net\/index.php\/2022\/01\/28\/maintenant-5-pays-europeens-considerent-ce-vaccin-comme-dangereux\/\"},\"wordCount\":101,\"publisher\":{\"@id\":\"https:\/\/covid19-a-savoir.net\/#\/schema\/person\/53265987e4424cc7dde2f857d2b378cf\"},\"articleSection\":[\"covid19\"],\"inLanguage\":\"fr-FR\"},{\"@type\":\"WebPage\",\"@id\":\"https:\/\/covid19-a-savoir.net\/index.php\/2022\/01\/28\/maintenant-5-pays-europeens-considerent-ce-vaccin-comme-dangereux\/\",\"url\":\"https:\/\/covid19-a-savoir.net\/index.php\/2022\/01\/28\/maintenant-5-pays-europeens-considerent-ce-vaccin-comme-dangereux\/\",\"name\":\"Maintenant, 5 Pays Europ\u00e9ens Consid\u00e8rent Ce Vaccin Comme Dangereux - Actualit\u00e9s, , .... Apr\u00e8s la p\u00e9riode &quot;covid19&quot;\",\"isPartOf\":{\"@id\":\"https:\/\/covid19-a-savoir.net\/#website\"},\"datePublished\":\"2022-01-28T07:31:21+00:00\",\"dateModified\":\"2022-01-28T07:31:22+00:00\",\"breadcrumb\":{\"@id\":\"https:\/\/covid19-a-savoir.net\/index.php\/2022\/01\/28\/maintenant-5-pays-europeens-considerent-ce-vaccin-comme-dangereux\/#breadcrumb\"},\"inLanguage\":\"fr-FR\",\"potentialAction\":[{\"@type\":\"ReadAction\",\"target\":[\"https:\/\/covid19-a-savoir.net\/index.php\/2022\/01\/28\/maintenant-5-pays-europeens-considerent-ce-vaccin-comme-dangereux\/\"]}]},{\"@type\":\"BreadcrumbList\",\"@id\":\"https:\/\/covid19-a-savoir.net\/index.php\/2022\/01\/28\/maintenant-5-pays-europeens-considerent-ce-vaccin-comme-dangereux\/#breadcrumb\",\"itemListElement\":[{\"@type\":\"ListItem\",\"position\":1,\"name\":\"Accueil\",\"item\":\"https:\/\/covid19-a-savoir.net\/\"},{\"@type\":\"ListItem\",\"position\":2,\"name\":\"Maintenant, 5 Pays Europ\u00e9ens Consid\u00e8rent Ce Vaccin Comme Dangereux\"}]},{\"@type\":\"WebSite\",\"@id\":\"https:\/\/covid19-a-savoir.net\/#website\",\"url\":\"https:\/\/covid19-a-savoir.net\/\",\"name\":\"Actualit\u00e9s, , .... Apr\u00e8s la p\u00e9riode &quot;covid19&quot;\",\"description\":\"DES V\u00c9RIT\u00c9S QUI D\u00c9RANGENT\",\"publisher\":{\"@id\":\"https:\/\/covid19-a-savoir.net\/#\/schema\/person\/53265987e4424cc7dde2f857d2b378cf\"},\"potentialAction\":[{\"@type\":\"SearchAction\",\"target\":{\"@type\":\"EntryPoint\",\"urlTemplate\":\"https:\/\/covid19-a-savoir.net\/?s={search_term_string}\"},\"query-input\":\"required name=search_term_string\"}],\"inLanguage\":\"fr-FR\"},{\"@type\":[\"Person\",\"Organization\"],\"@id\":\"https:\/\/covid19-a-savoir.net\/#\/schema\/person\/53265987e4424cc7dde2f857d2b378cf\",\"name\":\"GS\",\"image\":{\"@type\":\"ImageObject\",\"inLanguage\":\"fr-FR\",\"@id\":\"https:\/\/covid19-a-savoir.net\/#\/schema\/person\/image\/\",\"url\":\"https:\/\/covid19-a-savoir.net\/wp-content\/uploads\/2022\/07\/dans-ce-monde-312x312-1.png\",\"contentUrl\":\"https:\/\/covid19-a-savoir.net\/wp-content\/uploads\/2022\/07\/dans-ce-monde-312x312-1.png\",\"width\":312,\"height\":312,\"caption\":\"GS\"},\"logo\":{\"@id\":\"https:\/\/covid19-a-savoir.net\/#\/schema\/person\/image\/\"},\"sameAs\":[\"http:\/\/covid19-a-savoir.net\"],\"url\":\"https:\/\/covid19-a-savoir.net\/index.php\/author\/guido-saverio-sgmail-com\/\"}]}<\/script>\n<!-- \/ Yoast SEO plugin. -->","yoast_head_json":{"title":"Maintenant, 5 Pays Europ\u00e9ens Consid\u00e8rent Ce Vaccin Comme Dangereux - Actualit\u00e9s, , .... Apr\u00e8s la p\u00e9riode &quot;covid19&quot;","robots":{"index":"index","follow":"follow","max-snippet":"max-snippet:-1","max-image-preview":"max-image-preview:large","max-video-preview":"max-video-preview:-1"},"canonical":"https:\/\/covid19-a-savoir.net\/index.php\/2022\/01\/28\/maintenant-5-pays-europeens-considerent-ce-vaccin-comme-dangereux\/","og_locale":"fr_FR","og_type":"article","og_title":"Maintenant, 5 Pays Europ\u00e9ens Consid\u00e8rent Ce Vaccin Comme Dangereux - Actualit\u00e9s, , .... Apr\u00e8s la p\u00e9riode &quot;covid19&quot;","og_description":"L&rsquo;Islande vient de rejoindre la Finlande, la Su\u00e8de, la Norv\u00e8ge et le Danemark qui ont limit\u00e9 la vaccination avec le... Read moreMaintenant, 5 Pays Europ\u00e9ens Consid\u00e8rent Ce Vaccin Comme Dangereux","og_url":"https:\/\/covid19-a-savoir.net\/index.php\/2022\/01\/28\/maintenant-5-pays-europeens-considerent-ce-vaccin-comme-dangereux\/","og_site_name":"Actualit\u00e9s, , .... Apr\u00e8s la p\u00e9riode &quot;covid19&quot;","article_published_time":"2022-01-28T07:31:21+00:00","article_modified_time":"2022-01-28T07:31:22+00:00","author":"GS","twitter_card":"summary_large_image","twitter_misc":{"\u00c9crit par":"GS"},"schema":{"@context":"https:\/\/schema.org","@graph":[{"@type":"Article","@id":"https:\/\/covid19-a-savoir.net\/index.php\/2022\/01\/28\/maintenant-5-pays-europeens-considerent-ce-vaccin-comme-dangereux\/#article","isPartOf":{"@id":"https:\/\/covid19-a-savoir.net\/index.php\/2022\/01\/28\/maintenant-5-pays-europeens-considerent-ce-vaccin-comme-dangereux\/"},"author":{"name":"GS","@id":"https:\/\/covid19-a-savoir.net\/#\/schema\/person\/53265987e4424cc7dde2f857d2b378cf"},"headline":"Maintenant, 5 Pays Europ\u00e9ens Consid\u00e8rent Ce Vaccin Comme Dangereux","datePublished":"2022-01-28T07:31:21+00:00","dateModified":"2022-01-28T07:31:22+00:00","mainEntityOfPage":{"@id":"https:\/\/covid19-a-savoir.net\/index.php\/2022\/01\/28\/maintenant-5-pays-europeens-considerent-ce-vaccin-comme-dangereux\/"},"wordCount":101,"publisher":{"@id":"https:\/\/covid19-a-savoir.net\/#\/schema\/person\/53265987e4424cc7dde2f857d2b378cf"},"articleSection":["covid19"],"inLanguage":"fr-FR"},{"@type":"WebPage","@id":"https:\/\/covid19-a-savoir.net\/index.php\/2022\/01\/28\/maintenant-5-pays-europeens-considerent-ce-vaccin-comme-dangereux\/","url":"https:\/\/covid19-a-savoir.net\/index.php\/2022\/01\/28\/maintenant-5-pays-europeens-considerent-ce-vaccin-comme-dangereux\/","name":"Maintenant, 5 Pays Europ\u00e9ens Consid\u00e8rent Ce Vaccin Comme Dangereux - Actualit\u00e9s, , .... Apr\u00e8s la p\u00e9riode &quot;covid19&quot;","isPartOf":{"@id":"https:\/\/covid19-a-savoir.net\/#website"},"datePublished":"2022-01-28T07:31:21+00:00","dateModified":"2022-01-28T07:31:22+00:00","breadcrumb":{"@id":"https:\/\/covid19-a-savoir.net\/index.php\/2022\/01\/28\/maintenant-5-pays-europeens-considerent-ce-vaccin-comme-dangereux\/#breadcrumb"},"inLanguage":"fr-FR","potentialAction":[{"@type":"ReadAction","target":["https:\/\/covid19-a-savoir.net\/index.php\/2022\/01\/28\/maintenant-5-pays-europeens-considerent-ce-vaccin-comme-dangereux\/"]}]},{"@type":"BreadcrumbList","@id":"https:\/\/covid19-a-savoir.net\/index.php\/2022\/01\/28\/maintenant-5-pays-europeens-considerent-ce-vaccin-comme-dangereux\/#breadcrumb","itemListElement":[{"@type":"ListItem","position":1,"name":"Accueil","item":"https:\/\/covid19-a-savoir.net\/"},{"@type":"ListItem","position":2,"name":"Maintenant, 5 Pays Europ\u00e9ens Consid\u00e8rent Ce Vaccin Comme Dangereux"}]},{"@type":"WebSite","@id":"https:\/\/covid19-a-savoir.net\/#website","url":"https:\/\/covid19-a-savoir.net\/","name":"Actualit\u00e9s, , .... Apr\u00e8s la p\u00e9riode &quot;covid19&quot;","description":"DES V\u00c9RIT\u00c9S QUI D\u00c9RANGENT","publisher":{"@id":"https:\/\/covid19-a-savoir.net\/#\/schema\/person\/53265987e4424cc7dde2f857d2b378cf"},"potentialAction":[{"@type":"SearchAction","target":{"@type":"EntryPoint","urlTemplate":"https:\/\/covid19-a-savoir.net\/?s={search_term_string}"},"query-input":"required name=search_term_string"}],"inLanguage":"fr-FR"},{"@type":["Person","Organization"],"@id":"https:\/\/covid19-a-savoir.net\/#\/schema\/person\/53265987e4424cc7dde2f857d2b378cf","name":"GS","image":{"@type":"ImageObject","inLanguage":"fr-FR","@id":"https:\/\/covid19-a-savoir.net\/#\/schema\/person\/image\/","url":"https:\/\/covid19-a-savoir.net\/wp-content\/uploads\/2022\/07\/dans-ce-monde-312x312-1.png","contentUrl":"https:\/\/covid19-a-savoir.net\/wp-content\/uploads\/2022\/07\/dans-ce-monde-312x312-1.png","width":312,"height":312,"caption":"GS"},"logo":{"@id":"https:\/\/covid19-a-savoir.net\/#\/schema\/person\/image\/"},"sameAs":["http:\/\/covid19-a-savoir.net"],"url":"https:\/\/covid19-a-savoir.net\/index.php\/author\/guido-saverio-sgmail-com\/"}]}},"jetpack_sharing_enabled":true,"jetpack_featured_media_url":"","_links":{"self":[{"href":"https:\/\/covid19-a-savoir.net\/index.php\/wp-json\/wp\/v2\/posts\/1057"}],"collection":[{"href":"https:\/\/covid19-a-savoir.net\/index.php\/wp-json\/wp\/v2\/posts"}],"about":[{"href":"https:\/\/covid19-a-savoir.net\/index.php\/wp-json\/wp\/v2\/types\/post"}],"author":[{"embeddable":true,"href":"https:\/\/covid19-a-savoir.net\/index.php\/wp-json\/wp\/v2\/users\/1"}],"replies":[{"embeddable":true,"href":"https:\/\/covid19-a-savoir.net\/index.php\/wp-json\/wp\/v2\/comments?post=1057"}],"version-history":[{"count":1,"href":"https:\/\/covid19-a-savoir.net\/index.php\/wp-json\/wp\/v2\/posts\/1057\/revisions"}],"predecessor-version":[{"id":1058,"href":"https:\/\/covid19-a-savoir.net\/index.php\/wp-json\/wp\/v2\/posts\/1057\/revisions\/1058"}],"wp:attachment":[{"href":"https:\/\/covid19-a-savoir.net\/index.php\/wp-json\/wp\/v2\/media?parent=1057"}],"wp:term":[{"taxonomy":"category","embeddable":true,"href":"https:\/\/covid19-a-savoir.net\/index.php\/wp-json\/wp\/v2\/categories?post=1057"},{"taxonomy":"post_tag","embeddable":true,"href":"https:\/\/covid19-a-savoir.net\/index.php\/wp-json\/wp\/v2\/tags?post=1057"}],"curies":[{"name":"wp","href":"https:\/\/api.w.org\/{rel}","templated":true}]}}